{"id":103,"date":"2019-05-26T14:07:46","date_gmt":"2019-05-26T11:07:46","guid":{"rendered":"https:\/\/semantico.com.br\/blog\/?p=103"},"modified":"2026-03-25T23:39:38","modified_gmt":"2026-03-25T20:39:38","slug":"seo-semantico-e-a-nova-web-dos-sentidos","status":"publish","type":"post","link":"https:\/\/semantico.com.br\/blog\/seo-semantico-e-a-nova-web-dos-sentidos\/","title":{"rendered":"SEO Sem\u00e2ntico e a nova Web dos sentidos &#8211; Uma introdu\u00e7\u00e3o"},"content":{"rendered":"\n<p>Este artigo foi recuperado e atualizado de uma s\u00e9rie de posts que fiz ano passado sobre <strong><a href=\"https:\/\/semantico.com.br\/blog\">o uso da Sem\u00e2ntica, no SEO<\/a><\/strong>. Nele tento explicar, de forma simples, como a <a class=\"wl-entity-page-link\" title=\"sem\u00e2nticos\" href=\"https:\/\/semantico.com.br\/blog\/Vocabulario\/semantica\/\" data-id=\"http:\/\/data.wordlift.io\/wl0221\/entity\/semantica;http:\/\/data.wordlift.io\/wl0221\/entity\/semantica\" >sem\u00e2ntica<\/a> aplicada a <span id=\"urn:enhancement-409c60bf-712c-3f07-c701-b24e42855e18\" class=\"textannotation disambiguated wl-thing\" itemid=\"http:\/\/data.wordlift.io\/wl0221\/post\/o-que-e-web-semantica\"><a class=\"wl-entity-page-link\" title=\"WWW\" href=\"https:\/\/semantico.com.br\/blog\/Vocabulario\/world-wide-web\/\" data-id=\"http:\/\/data.wordlift.io\/wl0221\/entity\/world-wide-web\" >Web<\/a><\/span> vai transformar os <a class=\"wl-entity-page-link\" title=\"neg\u00f3cio\" href=\"https:\/\/semantico.com.br\/blog\/Vocabulario\/negocio\/\" data-id=\"http:\/\/data.wordlift.io\/wl0221\/entity\/negocio\" >neg\u00f3cios<\/a> de todos os tamanhos.<\/p>\n\n\n\n<h2 class=\"wp-block-heading\"><a class=\"wl-entity-page-link\" title=\"signos\" href=\"https:\/\/semantico.com.br\/blog\/Vocabulario\/signo-linguistico\/\" data-id=\"http:\/\/data.wordlift.io\/wl0221\/entity\/signo-linguistico\" >SEO Sem\u00e2ntico<\/a> e a nova Web dos sentidos<\/h2>\n\n\n\n<p>A Web e a Sem\u00e2ntica s\u00e3o dois parceiros perfeitos para transformar a <a class=\"wl-entity-page-link\"  href=\"https:\/\/semantico.com.br\/blog\/Vocabulario\/internet\/\" data-id=\"http:\/\/data.wordlift.io\/wl0221\/entity\/internet\" >Internet<\/a> como a conhecemos, mas existe um desafio a <a class=\"wl-entity-page-link\"  href=\"https:\/\/semantico.com.br\/blog\/Vocabulario\/ser\/\" data-id=\"http:\/\/data.wordlift.io\/wl0221\/entity\/ser\" >ser<\/a> enfrentado.<\/p>\n\n\n\n<h3 class=\"wp-block-heading\"><span class=\"ez-toc-section\" id=\"um_problema_semantico\"><\/span>Um problema sem\u00e2ntico<span class=\"ez-toc-section-end\"><\/span><\/h3>\n\n\n\n<p>A <a class=\"wl-entity-page-link\" title=\"Web of data\" href=\"https:\/\/semantico.com.br\/blog\/o-que-e-web-semantica\/\" data-id=\"http:\/\/data.wordlift.io\/wl0221\/post\/o-que-e-web-semantica;http:\/\/data.wordlift.io\/wl0221\/entity\/tim_berners-lee;http:\/\/data.wordlift.io\/wl0221\/entity\/world_wide_web;http:\/\/data.wordlift.io\/wl0221\/entity\/internet\" >Web<\/a>, em nossos dias, tem um problema s\u00e9rio. Ela est\u00e1 partida e precisa ser urgentemente recuperada.<\/p>\n\n\n\n<p>De um lado n\u00f3s humanos, utilizando todas as vantagens da Rede: lendo, ouvindo, criando, compartilhando.<\/p>\n\n\n\n<p>Do outro lado as m\u00e1quinas, trocando <a class=\"wl-entity-page-link\" title=\"Knowledge Graph\" href=\"https:\/\/semantico.com.br\/blog\/Vocabulario\/informacao\/\" data-id=\"http:\/\/data.wordlift.io\/wl0221\/entity\/informacao;http:\/\/data.wordlift.io\/wl0221\/entity\/otimizacao_para_motores_de_busca\" >informa\u00e7\u00f5es<\/a>, trafegando <a class=\"wl-entity-page-link\" title=\"conhecimento) \u00e9 poss\u00edvel enriquecer dados\" href=\"https:\/\/semantico.com.br\/blog\/Vocabulario\/dados\/\" data-id=\"http:\/\/data.wordlift.io\/wl0221\/entity\/dados;http:\/\/data.wordlift.io\/wl0221\/entity\/conhecimento;http:\/\/data.wordlift.io\/wl0221\/entity\/ontologia;http:\/\/data.wordlift.io\/wl0221\/entity\/entidade_informatica\" >dados<\/a>, tentando entender o que criamos, compartilhamos, da melhor forma poss\u00edvel.<\/p>\n\n\n\n<h3 class=\"wp-block-heading\"><span class=\"ez-toc-section\" id=\"dois_idiomas\"><\/span>Dois idiomas.<span class=\"ez-toc-section-end\"><\/span><\/h3>\n\n\n\n<p>Esses dois agentes da Web Moderna n\u00e3o falam a mesma l\u00edngua.<\/p>\n\n\n\n<p>\u00c9 como se, do lado humano, s\u00f3 fal\u00e1ssemos Portugu\u00eas e as m\u00e1quinas o Canton\u00eas.<\/p>\n\n\n\n<p>E para alcan\u00e7armos o poder m\u00e1ximo da <span id=\"urn:enhancement-0e5ab2c8-947d-1b49-1a48-2c8fa94d97f9\" class=\"textannotation disambiguated wl-thing\" itemid=\"http:\/\/data.wordlift.io\/wl0221\/post\/o-que-e-web-semantica\">Web<\/span> \u00e9 preciso falar a mesma l\u00edngua.<\/p>\n\n\n\n<h2 class=\"wp-block-heading\"><span class=\"ez-toc-section\" id=\"e_para_resolver_isso_que_foi_pensada_a_web_semantica\"><\/span>\u00c9 para resolver isso que foi pensada a Web Sem\u00e2ntica.<span class=\"ez-toc-section-end\"><\/span><\/h2>\n\n\n\n<p>Mas o que vem a ser isso?<\/p>\n\n\n\n<h3 class=\"wp-block-heading\"><span class=\"ez-toc-section\" id=\"significados_e_significantes\"><\/span>Significados e Significantes<span class=\"ez-toc-section-end\"><\/span><\/h3>\n\n\n\n<p>Antes de qualquer coisa precisamos voltar ao b\u00e1sico e definir os <a class=\"wl-entity-page-link\" title=\"palavra-chave\" href=\"https:\/\/semantico.com.br\/blog\/Vocabulario\/palavra-chave\/\" data-id=\"http:\/\/data.wordlift.io\/wl0221\/entity\/palavra-chave\" >termos<\/a> que estamos e vamos falar durante todo este artigo.<\/p>\n\n\n\n<p>A&nbsp;<strong>Sem\u00e2ntica\u00b9<\/strong>&nbsp;(do grego&nbsp;<em>\u03c3\u03b7\u03bc\u03b1\u03bd\u03c4\u03b9\u03ba\u03cc\u03c2<\/em>,&nbsp;<em>s\u0113mantik\u00e1<\/em>, plural neutro de&nbsp;<em>s\u0113mantik\u00f3s<\/em>, derivado de&nbsp;<em>sema<\/em>, <a class=\"wl-entity-page-link\" title=\"Semi\u00f3tica\" href=\"https:\/\/semantico.com.br\/blog\/Vocabulario\/semiotica\/\" data-id=\"http:\/\/data.wordlift.io\/wl0221\/entity\/semiotica;http:\/\/data.wordlift.io\/wl0221\/entity\/sinal_semiotica\" >sinal<\/a>), \u00e9 o estudo do&nbsp;<a href=\"https:\/\/pt.wikipedia.org\/wiki\/Significado\" target=\"_blank\" rel=\"noreferrer noopener\">significado<\/a>&nbsp;e incide sobre a rela\u00e7\u00e3o entre significantes, tais como&nbsp;<a href=\"https:\/\/pt.wikipedia.org\/wiki\/Palavra\" target=\"_blank\" rel=\"noreferrer noopener\">palavras<\/a>,&nbsp;<a href=\"https:\/\/pt.wikipedia.org\/wiki\/Frase\" target=\"_blank\" rel=\"noreferrer noopener\">frases<\/a>,&nbsp;<a href=\"https:\/\/pt.wikipedia.org\/wiki\/Sinais\" target=\"_blank\" rel=\"noreferrer noopener\">sinais<\/a>&nbsp;e&nbsp;<a href=\"https:\/\/pt.wikipedia.org\/wiki\/S%C3%ADmbolo\" target=\"_blank\" rel=\"noreferrer noopener\">s\u00edmbolos<\/a>, e o que eles representam, a sua&nbsp;<a href=\"https:\/\/pt.wikipedia.org\/wiki\/Denota%C3%A7%C3%A3o\" target=\"_blank\" rel=\"noreferrer noopener\">denota\u00e7\u00e3o<\/a>.<\/p>\n\n\n\n<p>Esses termos e significados n\u00e3o s\u00e3o estranhos a quem \u00e9 ligado \u00e0s \u00e1reas que estudam l\u00ednguas. A&nbsp;<strong>sem\u00e2ntica lingu\u00edstica&nbsp;<\/strong>estuda o significado usado por seres humanos para se expressar atrav\u00e9s da&nbsp;<a href=\"https:\/\/pt.wikipedia.org\/wiki\/Linguagem\" target=\"_blank\" rel=\"noreferrer noopener\">linguagem<\/a>.<\/p>\n\n\n\n<p>E adaptando e usando termos e conceitos deste ramo do <a class=\"wl-entity-page-link\" title=\"conhecer\" href=\"https:\/\/semantico.com.br\/blog\/Vocabulario\/conhecimento\/\" data-id=\"http:\/\/data.wordlift.io\/wl0221\/entity\/conhecimento\">conhecimento<\/a> humano temos a sem\u00e2ntica aplicada as&nbsp;<a href=\"https:\/\/pt.wikipedia.org\/wiki\/Linguagens_de_programa%C3%A7%C3%A3o\" target=\"_blank\" rel=\"noreferrer noopener\">linguagens de programa\u00e7\u00e3o<\/a>, da&nbsp;<a href=\"https:\/\/pt.wikipedia.org\/wiki\/L%C3%B3gica_formal\" target=\"_blank\" rel=\"noreferrer noopener\">l\u00f3gica formal<\/a>, e da&nbsp;<a href=\"https:\/\/pt.wikipedia.org\/wiki\/Semi%C3%B3tica\" target=\"_blank\" rel=\"noreferrer noopener\">semi\u00f3tica<\/a>.<\/p>\n\n\n\n<p>A&nbsp;sem\u00e2ntica&nbsp;contrap\u00f5e-se com frequ\u00eancia \u00e0&nbsp;<a href=\"https:\/\/pt.wikipedia.org\/wiki\/Sintaxe\" target=\"_blank\" rel=\"noreferrer noopener\">sintaxe<\/a>, caso em que a primeira se ocupa do que algo&nbsp;<em>significa<\/em>, enquanto a segunda se debru\u00e7a sobre as <a class=\"wl-entity-page-link\" title=\"estrutura\" href=\"https:\/\/semantico.com.br\/blog\/Vocabulario\/estrutura\/\" data-id=\"http:\/\/data.wordlift.io\/wl0221\/entity\/estrutura\">estruturas<\/a> ou <a class=\"wl-entity-page-link\" title=\"padr\u00e3o\" href=\"https:\/\/semantico.com.br\/blog\/Vocabulario\/padroes\/\" data-id=\"http:\/\/data.wordlift.io\/wl0221\/entity\/padroes\">padr\u00f5es<\/a> formais do modo como esse algo \u00e9&nbsp;<em>expresso<\/em>&nbsp;(por exemplo, as rela\u00e7\u00f5es entre predicados e seus argumentos).&nbsp;Mal comparando, \u00e9 como na <span id=\"urn:enhancement-39b6d5d8-9508-52af-692e-1aabb77015a7\" class=\"textannotation disambiguated wl-thing\" itemid=\"http:\/\/data.wordlift.io\/wl0221\/post\/o-que-e-web-semantica\">web<\/span> temos as <span id=\"urn:enhancement-0e1d0e4a-c5d9-11b1-9419-639a1ed16c82\" class=\"textannotation disambiguated wl-thing\" itemid=\"http:\/\/data.wordlift.io\/wl0221\/entity\/dados\"><a class=\"wl-entity-page-link\" title=\"ci\u00eancia da computa\u00e7\u00e3o\" href=\"https:\/\/semantico.com.br\/blog\/Vocabulario\/ontologia-ciencia-da-computacao\/\" data-id=\"http:\/\/data.wordlift.io\/wl0221\/entity\/ontologia-ciencia-da-computacao;http:\/\/data.wordlift.io\/wl0221\/entity\/ontologia_ciencia_da_computacao\">ontologias<\/a><\/span>, <a class=\"wl-entity-page-link\" title=\"vocabul\u00e1rio\" href=\"https:\/\/semantico.com.br\/blog\/Vocabulario\/vocabulario\/\" data-id=\"http:\/\/data.wordlift.io\/wl0221\/entity\/vocabulario\">vocabul\u00e1rios<\/a> e dom\u00ednios (relacionados \u00e0 sem\u00e2ntica) e o c\u00f3digo, os&nbsp;<em>schemas<\/em>&nbsp;e os modelos de <span id=\"urn:enhancement-ae8c7e63-8de1-a7c7-9469-a742b10e2275\" class=\"textannotation disambiguated wl-thing\" itemid=\"http:\/\/data.wordlift.io\/wl0221\/entity\/dados\"><a class=\"wl-entity-page-link\" title=\"dado\" href=\"https:\/\/semantico.com.br\/blog\/Vocabulario\/dado\/\" data-id=\"http:\/\/data.wordlift.io\/wl0221\/entity\/dado\">dados<\/a><\/span>, que estruturam \u201csintaticamente\u201d as informa\u00e7\u00f5es.<\/p>\n\n\n\n<h2 class=\"wp-block-heading\"><span class=\"ez-toc-section\" id=\"a_relacao_entre_semantica_e_a_web\"><\/span>A Rela\u00e7\u00e3o entre Sem\u00e2ntica e a Web<span class=\"ez-toc-section-end\"><\/span><\/h2>\n\n\n\n<p>A&nbsp;<a class=\"wl-entity-page-link\" title=\"James Hendler\" href=\"https:\/\/semantico.com.br\/blog\/Vocabulario\/web-semantica\/\" data-id=\"http:\/\/data.wordlift.io\/wl0221\/entity\/web-semantica\">Web Sem\u00e2ntica<\/a>&nbsp;nada mais \u00e9 do que uma web com toda sua informa\u00e7\u00e3o organizada de forma que, n\u00e3o somente seres humanos possam entend\u00ea-la, mas principalmente as m\u00e1quinas podem \u201ctraduzir\u201d toda os dados (textos, imagens, arquivos e as rela\u00e7\u00f5es entre eles) para uma linguagem que elas entendam.<\/p>\n\n\n\n<p>No dia que o mesmo <a class=\"wl-entity-page-link\" title=\"Content\" href=\"https:\/\/semantico.com.br\/blog\/Vocabulario\/conteudo-2\/\" data-id=\"http:\/\/data.wordlift.io\/wl0221\/entity\/conteudo-2\">conte\u00fado<\/a> <a class=\"wl-entity-page-link\" title=\"online costuma ter muitas imagens publicadas. E elas s\u00e3o uma fonte de problemas de lentid\u00e3o constante, por isso: dedique um tempo (ou at\u00e9 dinheiro) para otimizar suas imagens antigas.\" href=\"https:\/\/semantico.com.br\/blog\/Vocabulario\/online\/\" data-id=\"http:\/\/data.wordlift.io\/wl0221\/entity\/online\">online<\/a> poder ser lido tanto por seres humanos quanto por <a class=\"wl-entity-page-link\" title=\"computador\" href=\"https:\/\/semantico.com.br\/blog\/Vocabulario\/computador\/\" data-id=\"http:\/\/data.wordlift.io\/wl0221\/entity\/computador\">computadores<\/a>, estaremos bem pr\u00f3ximos da vis\u00e3o da web sem\u00e2ntica sonhada por&nbsp;<a href=\"https:\/\/pt.wikipedia.org\/wiki\/Tim_Berners-Lee\" target=\"_blank\" rel=\"noreferrer noopener\">Tim Berners-Lee<\/a>.<\/p>\n\n\n\n<p>Neste dia poderemos usar o poder das m\u00e1quinas em tarefas que hoje fazemos manualmente, coletando e processando informa\u00e7\u00e3o de uma maneira nunca vista antes. Mas como surgiu essa \u201cnova web\u201d?<\/p>\n\n\n\n<p>Na&nbsp;segunda parte deste artigo&nbsp;vamos falar sobre a&nbsp;<strong><a href=\"https:\/\/semantico.com.br\/blog\/a-historia-da-web-e-o-seo-semantico\/\">hist\u00f3ria da Web Sem\u00e2ntica<\/a><\/strong>, os seus personagens e como a sonho dessas pessoas v\u00e3o construir a <span id=\"urn:enhancement-b414455f-6125-9c98-9859-425837ea6f17\" class=\"textannotation disambiguated wl-thing\" itemid=\"http:\/\/data.wordlift.io\/wl0221\/post\/o-que-e-web-semantica\">web<\/span> do futuro.<\/p>\n\n\n\n<h2 class=\"wp-block-heading\"><span class=\"ez-toc-section\" id=\"seo_semantico_e_o_futuro\"><\/span>SEO Sem\u00e2ntico \u00e9 o futuro<span class=\"ez-toc-section-end\"><\/span><\/h2>\n\n\n\n<p>O <span id=\"urn:enhancement-ec759e1e-64ea-a5ac-190c-a05e18dc0ec2\" class=\"textannotation disambiguated wl-thing\" itemid=\"http:\/\/data.wordlift.io\/wl0221\/entity\/informacao\"><a class=\"wl-entity-page-link\" title=\"Busca\" href=\"https:\/\/semantico.com.br\/blog\/Vocabulario\/otimizacao\/\" data-id=\"http:\/\/data.wordlift.io\/wl0221\/entity\/otimizacao;http:\/\/data.wordlift.io\/wl0221\/entity\/otimizacao;http:\/\/data.wordlift.io\/wl0221\/entity\/algoritmo_de_busca\">SEO<\/a><\/span> se tornou <a class=\"wl-entity-page-link\" title=\"Sem\u00e2ntico Servi\u00e7os Em Tecnologia da Informacao Eireli\" href=\"https:\/\/semantico.com.br\/blog\/Vocabulario\/semantico-servicos-em-tecnologia-da-informacao-eireli\/\" data-id=\"http:\/\/data.wordlift.io\/wl0221\/entity\/semantico-servicos-em-tecnologia-da-informacao-eireli\">sem\u00e2ntico<\/a> quando come\u00e7amos a trabalhar com essas t\u00e9cnicas, tecnologias e linguagens que permitem que criemos sentido em nossos conte\u00fados. Inova\u00e7\u00f5es como o BERT do <a class=\"wl-entity-page-link\" title=\"Google Brasil\" href=\"https:\/\/semantico.com.br\/blog\/Vocabulario\/google\/\" data-id=\"http:\/\/data.wordlift.io\/wl0221\/entity\/google\">Google<\/a>, o uso de Knowledge Graphs em resultados de <a class=\"wl-entity-page-link\" title=\"busca\" href=\"https:\/\/semantico.com.br\/blog\/Vocabulario\/algoritmo-de-busca__trashed\/\" data-id=\"http:\/\/data.wordlift.io\/wl0221\/entity\/algoritmo-de-busca__trashed\">buscas<\/a> nos apontam que n\u00e3o basta mais fazer o trabalho como faz\u00edamos antes.<\/p>\n\n\n\n<p>Relacionar as palavras que usamos, as conectando atrav\u00e9s de seu sentido normalizado \u00e9 uma premissa tanto para quem cria conte\u00fados para Web como para n\u00f3s, que otimizamos esses conte\u00fados. E o <a class=\"wl-entity-page-link\" title=\"Otimiza\u00e7\u00e3o para motores de busca\" href=\"https:\/\/semantico.com.br\/blog\/Vocabulario\/otimizacao-para-motores-de-busca\/\" data-id=\"http:\/\/data.wordlift.io\/wl0221\/entity\/otimizacao-para-motores-de-busca\">SEO<\/a> j\u00e1 \u00e9 Sem\u00e2ntico hoje em dia!<\/p>\n\n\n\n<p>\u00b9&nbsp;<em>\u201c<span id=\"urn:enhancement-33c4dbd9-9323-1411-b47b-2ca40d319600\" class=\"textannotation disambiguated wl-thing\" itemid=\"http:\/\/data.wordlift.io\/wl0221\/entity\/semantica\">Sem\u00e2ntica<\/span> \u2013 <a class=\"wl-entity-page-link\" title=\"Wikipedia\" href=\"https:\/\/semantico.com.br\/blog\/Vocabulario\/wikipedia\/\" data-id=\"http:\/\/data.wordlift.io\/wl0221\/entity\/wikipedia\">Wikip\u00e9dia<\/a>, a enciclop\u00e9dia livre.\u201d&nbsp;<\/em><a href=\"https:\/\/pt.wikipedia.org\/wiki\/Sem%C3%A2ntica\" target=\"_blank\" rel=\"noreferrer noopener\"><em>https:\/\/pt.wikipedia.org\/wiki\/Sem%C3%A2ntica<\/em><\/a><em>. Accessed 4 May. 2017.<\/em><\/p>\n\n\n\n\n\n<hr class=\"wp-block-separator has-css-opacity\"\/>\n\n\n","protected":false},"excerpt":{"rendered":"<p>Este artigo foi recuperado e atualizado de uma s\u00e9rie de posts que fiz ano passado sobre o uso da Sem\u00e2ntica, no SEO. Nele tento explicar, de forma simples, como a sem\u00e2ntica aplicada a Web vai transformar os neg\u00f3cios de todos os tamanhos. SEO Sem\u00e2ntico e a nova Web dos sentidos A Web e a Sem\u00e2ntica [&hellip;]<\/p>\n","protected":false},"author":2,"featured_media":5845,"comment_status":"open","ping_status":"open","sticky":false,"template":"","format":"standard","meta":{"wl_entities_gutenberg":"","episode_type":"","audio_file":"","podmotor_file_id":"","podmotor_episode_id":"","cover_image":"","cover_image_id":"","duration":"","filesize":"","filesize_raw":"","date_recorded":"","explicit":"","block":"","itunes_episode_number":"","itunes_title":"","itunes_season_number":"","itunes_episode_type":"","footnotes":""},"categories":[461,665,626],"tags":[6],"wl_entity_type":[51],"series":[],"class_list":["post-103","post","type-post","status-publish","format-standard","has-post-thumbnail","hentry","category-seo-semantico","category-avaliacao-de-sistemas-de-recuperacao-da-informacao","category-recuperacao-da-informacao-pt","tag-semantico","wl_entity_type-article"],"episode_featured_image":"https:\/\/semantico.com.br\/blog\/wp-content\/uploads\/2019\/05\/SEO-Semantico-e-a-nova-Web-dos-sentidos.png","episode_player_image":"https:\/\/semantico.com.br\/blog\/wp-content\/uploads\/2026\/03\/Capa-podcast.png","download_link":"","player_link":"","audio_player":false,"episode_data":{"playerMode":"dark","subscribeUrls":{"apple_podcasts":{"key":"apple_podcasts","url":"","label":"Apple Podcasts","class":"apple_podcasts","icon":"apple-podcasts.png"},"google_podcasts":{"key":"google_podcasts","url":"","label":"Google Podcasts","class":"google_podcasts","icon":"google-podcasts.png"},"pocketcasts":{"key":"pocketcasts","url":"","label":"PocketCasts","class":"pocketcasts","icon":"pocketcasts.png"},"podbean":{"key":"podbean","url":"","label":"Podbean","class":"podbean","icon":"podbean.png"},"stitcher":{"key":"stitcher","url":"","label":"Stitcher","class":"stitcher","icon":"stitcher.png"},"iheartradio":{"key":"iheartradio","url":"","label":"iHeartRadio","class":"iheartradio","icon":"iheartradio.png"}},"rssFeedUrl":"https:\/\/semantico.com.br\/blog\/feed\/podcast\/seo-semantico-podcast","embedCode":"<blockquote class=\"wp-embedded-content\" data-secret=\"QasNoI7Cz8\"><a href=\"https:\/\/semantico.com.br\/blog\/seo-semantico-e-a-nova-web-dos-sentidos\/\">SEO Sem\u00e2ntico e a nova Web dos sentidos &#8211; Uma introdu\u00e7\u00e3o<\/a><\/blockquote><iframe sandbox=\"allow-scripts\" security=\"restricted\" src=\"https:\/\/semantico.com.br\/blog\/seo-semantico-e-a-nova-web-dos-sentidos\/embed\/#?secret=QasNoI7Cz8\" width=\"500\" height=\"350\" title=\"&#8220;SEO Sem\u00e2ntico e a nova Web dos sentidos &#8211; Uma introdu\u00e7\u00e3o&#8221; &#8212; Blog Sem\u00e2ntico\" data-secret=\"QasNoI7Cz8\" frameborder=\"0\" marginwidth=\"0\" marginheight=\"0\" scrolling=\"no\" class=\"wp-embedded-content\"><\/iframe><script type=\"text\/javascript\">\n\/* <![CDATA[ *\/\n\/*! This file is auto-generated *\/\n!function(d,l){\"use strict\";l.querySelector&&d.addEventListener&&\"undefined\"!=typeof URL&&(d.wp=d.wp||{},d.wp.receiveEmbedMessage||(d.wp.receiveEmbedMessage=function(e){var t=e.data;if((t||t.secret||t.message||t.value)&&!\/[^a-zA-Z0-9]\/.test(t.secret)){for(var s,r,n,a=l.querySelectorAll('iframe[data-secret=\"'+t.secret+'\"]'),o=l.querySelectorAll('blockquote[data-secret=\"'+t.secret+'\"]'),c=new RegExp(\"^https?:$\",\"i\"),i=0;i<o.length;i++)o[i].style.display=\"none\";for(i=0;i<a.length;i++)s=a[i],e.source===s.contentWindow&&(s.removeAttribute(\"style\"),\"height\"===t.message?(1e3<(r=parseInt(t.value,10))?r=1e3:~~r<200&&(r=200),s.height=r):\"link\"===t.message&&(r=new URL(s.getAttribute(\"src\")),n=new URL(t.value),c.test(n.protocol))&&n.host===r.host&&l.activeElement===s&&(d.top.location.href=t.value))}},d.addEventListener(\"message\",d.wp.receiveEmbedMessage,!1),l.addEventListener(\"DOMContentLoaded\",function(){for(var e,t,s=l.querySelectorAll(\"iframe.wp-embedded-content\"),r=0;r<s.length;r++)(t=(e=s[r]).getAttribute(\"data-secret\"))||(t=Math.random().toString(36).substring(2,12),e.src+=\"#?secret=\"+t,e.setAttribute(\"data-secret\",t)),e.contentWindow.postMessage({message:\"ready\",secret:t},\"*\")},!1)))}(window,document);\n\/\/# sourceURL=https:\/\/semantico.com.br\/blog\/wp-includes\/js\/wp-embed.min.js\n\/* ]]> *\/\n<\/script>\n"},"_wl_alt_label":[],"wl:entity_url":"http:\/\/data.wordlift.io\/wl0221\/post\/seo-semantico-e-a-nova-web-dos-sentidos","_links":{"self":[{"href":"https:\/\/semantico.com.br\/blog\/wp-json\/wp\/v2\/posts\/103","targetHints":{"allow":["GET"]}}],"collection":[{"href":"https:\/\/semantico.com.br\/blog\/wp-json\/wp\/v2\/posts"}],"about":[{"href":"https:\/\/semantico.com.br\/blog\/wp-json\/wp\/v2\/types\/post"}],"author":[{"embeddable":true,"href":"https:\/\/semantico.com.br\/blog\/wp-json\/wp\/v2\/users\/2"}],"replies":[{"embeddable":true,"href":"https:\/\/semantico.com.br\/blog\/wp-json\/wp\/v2\/comments?post=103"}],"version-history":[{"count":0,"href":"https:\/\/semantico.com.br\/blog\/wp-json\/wp\/v2\/posts\/103\/revisions"}],"wp:featuredmedia":[{"embeddable":true,"href":"https:\/\/semantico.com.br\/blog\/wp-json\/wp\/v2\/media\/5845"}],"wp:attachment":[{"href":"https:\/\/semantico.com.br\/blog\/wp-json\/wp\/v2\/media?parent=103"}],"wp:term":[{"taxonomy":"category","embeddable":true,"href":"https:\/\/semantico.com.br\/blog\/wp-json\/wp\/v2\/categories?post=103"},{"taxonomy":"post_tag","embeddable":true,"href":"https:\/\/semantico.com.br\/blog\/wp-json\/wp\/v2\/tags?post=103"},{"taxonomy":"wl_entity_type","embeddable":true,"href":"https:\/\/semantico.com.br\/blog\/wp-json\/wp\/v2\/wl_entity_type?post=103"},{"taxonomy":"series","embeddable":true,"href":"https:\/\/semantico.com.br\/blog\/wp-json\/wp\/v2\/series?post=103"}],"curies":[{"name":"wp","href":"https:\/\/api.w.org\/{rel}","templated":true}]}}