{"id":7787,"date":"2026-03-13T03:10:29","date_gmt":"2026-03-13T00:10:29","guid":{"rendered":"https:\/\/semantico.com.br\/blog\/?p=7787"},"modified":"2026-03-25T17:36:32","modified_gmt":"2026-03-25T14:36:32","slug":"as-ferramentas-certas-para-o-seo-sao-estrategias-e-taticas","status":"publish","type":"post","link":"https:\/\/semantico.com.br\/blog\/as-ferramentas-certas-para-o-seo-sao-estrategias-e-taticas\/","title":{"rendered":"As ferramentas certas para o SEO s\u00e3o estrat\u00e9gias e t\u00e1ticas"},"content":{"rendered":"\n<p>Nos dias de hoje vemos uma profus\u00e3o enorme de ferramentas, estrat\u00e9gias, modelos e aplica\u00e7\u00f5es diferentes no nosso velho (e cansado) SEO. Muitas delas s\u00e3o um frescor necess\u00e1rio no nosso mercado, o <a class=\"wl-entity-page-link\" title=\"SEO\" href=\"https:\/\/semantico.com.br\/blog\/Vocabulario\/seo-semantico\/\" data-id=\"http:\/\/data.wordlift.io\/wl0221\/entity\/seo-semantico;http:\/\/data.wordlift.io\/wl0221\/entity\/seo__semantico\" >SEO Sem\u00e2ntico<\/a>, que me conquistou \u00e0 primeira vista, \u00e9 uma dessas &#8220;novidades&#8221;, que chegou devagar e tomou posse do seu quinh\u00e3o de terra do enorme latif\u00fandio que \u00e9 a Otimiza\u00e7\u00e3o para mecanismos de buscas.<\/p>\n\n\n\n<p>Mas esse artigo n\u00e3o foi escrito para ficar fazendo elogios \u00e0 estrat\u00e9gia que eu sigo, muito menos para ficar chovendo no molhado da cr\u00edtica a aqueles profissionais que esquentam velhas formas, mudando uma coisa ou outra, publicam como novidade no Linkedin e te pedem para seguir e comentar. A\u00ed enviam uma planilha, com mais do mesmo, bem requentada, para aquele profissional de SEO que est\u00e1 atirando para todos os lados e caiu nessa estrat\u00e9gia de crescimento de perfil, disfar\u00e7ada de compartilhamento.<\/p>\n\n\n\n<p>O meu ponto \u00e9 dar um passo bem l\u00e1 atr\u00e1s, voltar talvez ao marketing, \u00e0 gest\u00e3o de projetos digitais e \u00e0 administra\u00e7\u00e3o e declarar: <strong>as ferramentas certas para o SEO s\u00e3o estrat\u00e9gias e t\u00e1ticas.<\/strong><\/p>\n\n\n\n<div id=\"ez-toc-container\" class=\"ez-toc-v2_0_82_2 counter-hierarchy ez-toc-counter ez-toc-grey ez-toc-container-direction\">\n<div class=\"ez-toc-title-container\">\n<p class=\"ez-toc-title\" style=\"cursor:inherit\">Conte\u00fados<\/p>\n<span class=\"ez-toc-title-toggle\"><a href=\"#\" class=\"ez-toc-pull-right ez-toc-btn ez-toc-btn-xs ez-toc-btn-default ez-toc-toggle\" aria-label=\"Alternar tabela de conte\u00fado\"><span class=\"ez-toc-js-icon-con\"><span class=\"\"><span class=\"eztoc-hide\" style=\"display:none;\">Toggle<\/span><span class=\"ez-toc-icon-toggle-span\"><svg style=\"fill: #999;color:#999\" xmlns=\"http:\/\/www.w3.org\/2000\/svg\" class=\"list-377408\" width=\"20px\" height=\"20px\" viewBox=\"0 0 24 24\" fill=\"none\"><path d=\"M6 6H4v2h2V6zm14 0H8v2h12V6zM4 11h2v2H4v-2zm16 0H8v2h12v-2zM4 16h2v2H4v-2zm16 0H8v2h12v-2z\" fill=\"currentColor\"><\/path><\/svg><svg style=\"fill: #999;color:#999\" class=\"arrow-unsorted-368013\" xmlns=\"http:\/\/www.w3.org\/2000\/svg\" width=\"10px\" height=\"10px\" viewBox=\"0 0 24 24\" version=\"1.2\" baseProfile=\"tiny\"><path d=\"M18.2 9.3l-6.2-6.3-6.2 6.3c-.2.2-.3.4-.3.7s.1.5.3.7c.2.2.4.3.7.3h11c.3 0 .5-.1.7-.3.2-.2.3-.5.3-.7s-.1-.5-.3-.7zM5.8 14.7l6.2 6.3 6.2-6.3c.2-.2.3-.5.3-.7s-.1-.5-.3-.7c-.2-.2-.4-.3-.7-.3h-11c-.3 0-.5.1-.7.3-.2.2-.3.5-.3.7s.1.5.3.7z\"\/><\/svg><\/span><\/span><\/span><\/a><\/span><\/div>\n<nav><ul class='ez-toc-list ez-toc-list-level-1 ' ><li class='ez-toc-page-1 ez-toc-heading-level-2'><a class=\"ez-toc-link ez-toc-heading-1\" href=\"https:\/\/semantico.com.br\/blog\/as-ferramentas-certas-para-o-seo-sao-estrategias-e-taticas\/#o_fetiche_do_saas_e_por_que_o_seo_perdeu_o_rumo\" >O fetiche do SaaS e por que o SEO perdeu o rumo<\/a><\/li><li class='ez-toc-page-1 ez-toc-heading-level-2'><a class=\"ez-toc-link ez-toc-heading-2\" href=\"https:\/\/semantico.com.br\/blog\/as-ferramentas-certas-para-o-seo-sao-estrategias-e-taticas\/#estrategia_e_tatica_sao_o_resgate_necessario_do_marketing_e_da_gestao\" >Estrat\u00e9gia e t\u00e1tica s\u00e3o o resgate necess\u00e1rio do marketing e da gest\u00e3o<\/a><\/li><li class='ez-toc-page-1 ez-toc-heading-level-2'><a class=\"ez-toc-link ez-toc-heading-3\" href=\"https:\/\/semantico.com.br\/blog\/as-ferramentas-certas-para-o-seo-sao-estrategias-e-taticas\/#o_fluxo_de_trabalho_semantico_como_ferramenta_intelectual\" >O Fluxo de Trabalho Sem\u00e2ntico como ferramenta intelectual<\/a><ul class='ez-toc-list-level-3' ><li class='ez-toc-heading-level-3'><a class=\"ez-toc-link ez-toc-heading-4\" href=\"https:\/\/semantico.com.br\/blog\/as-ferramentas-certas-para-o-seo-sao-estrategias-e-taticas\/#um_workflow_para_acabar_com_a_ambiguidade\" >Um workflow para acabar com a ambiguidade<\/a><\/li><\/ul><\/li><li class='ez-toc-page-1 ez-toc-heading-level-2'><a class=\"ez-toc-link ez-toc-heading-5\" href=\"https:\/\/semantico.com.br\/blog\/as-ferramentas-certas-para-o-seo-sao-estrategias-e-taticas\/#da_organizacao_a_recuperacao_a_tatica_a_servico_da_semantica\" >Da organiza\u00e7\u00e3o \u00e0 recupera\u00e7\u00e3o: a t\u00e1tica a servi\u00e7o da sem\u00e2ntica<\/a><\/li><li class='ez-toc-page-1 ez-toc-heading-level-2'><a class=\"ez-toc-link ez-toc-heading-6\" href=\"https:\/\/semantico.com.br\/blog\/as-ferramentas-certas-para-o-seo-sao-estrategias-e-taticas\/#o_especialista_em_seo_como_arquiteto_de_significados\" >O especialista em SEO como arquiteto de significados<\/a><\/li><\/ul><\/nav><\/div>\n<h2 class=\"wp-block-heading\"><span class=\"ez-toc-section\" id=\"o_fetiche_do_saas_e_por_que_o_seo_perdeu_o_rumo\"><\/span>O fetiche do SaaS e por que o SEO perdeu o rumo<span class=\"ez-toc-section-end\"><\/span><\/h2>\n\n\n\n<p>Vivemos a era do &#8220;fetiche do software&#8221;, se ele for um SaaS, corremos feito coelhinhos atr\u00e1s de uma cenoura deliciosa. H\u00e1 uma cren\u00e7a disseminada de que a assinatura da ferramenta mais cara do mercado ou a instala\u00e7\u00e3o do plugin de \u00faltima gera\u00e7\u00e3o substitui a capacidade anal\u00edtica do profissional. E com o &#8220;advento da IA&#8221; esse cen\u00e1rio se ampliou para aquela planilha com ChatGPT, um MCP feito no Claude ou o esquema mais inovador conectando NotebookLM, <a class=\"wl-entity-page-link\"  href=\"https:\/\/semantico.com.br\/blog\/Vocabulario\/gemini\/\" data-id=\"http:\/\/data.wordlift.io\/wl0221\/entity\/gemini\" >Gemini<\/a> e um SaaS qualquer.<\/p>\n\n\n\n<p>O mercado de otimiza\u00e7\u00e3o j\u00e1 havia se tornado ref\u00e9m de m\u00e9tricas de vaidade e de &#8220;scores&#8221; automatizados muito antes disso. N\u00e3o me entendam mal, eles foram \u00fateis numa fase, mas ainda assim s\u00e3o superficiais se isolados de um pensamento estruturante. E eu n\u00e3o usei esse termo, pensamento estruturante, \u00e0 toa! Desenvolver uma estrutura para qualquer fase do seu projeto de otimiza\u00e7\u00e3o \u00e9 o que separa os amadores dos profissionais.<\/p>\n\n\n\n<p>O problema central \u00e9 que muitos profissionais de SEO transformaram-se em operadores de ferramentas, ignorando que o software \u00e9 um meio, nunca o fim. Parece que eu estou chovendo no molhado, afinal de contas, todos sabemos disso, certo? Mas tamb\u00e9m vivemos a press\u00e3o de entregar resultados cada vez mais r\u00e1pido, num cen\u00e1rio que foi destru\u00eddo pela IA, mas ningu\u00e9m quer saber disso. Precisamos de resultado.<\/p>\n\n\n\n<p>E na hora da press\u00e3o, resistir \u00e0quela planilha ou ao novo SaaS que promete resolver todos os meus problemas de uma s\u00f3 vez \u00e9 dif\u00edcil demais, principalmente se eu n\u00e3o tenho um processo de trabalho pensado, estruturado e testado.<\/p>\n\n\n\n<p>O SEO, em sua concep\u00e7\u00e3o mais aut\u00eantica e basilar, reside na arte e na ci\u00eancia de <strong>organizar a <a class=\"wl-entity-page-link\" title=\"informa\u00e7\u00f5es dispon\u00edveis hoje em dia\" href=\"https:\/\/semantico.com.br\/blog\/Vocabulario\/informacao\/\" data-id=\"http:\/\/data.wordlift.io\/wl0221\/entity\/informacao;http:\/\/data.wordlift.io\/wl0221\/entity\/otimizacao_para_motores_de_busca\" >informa\u00e7\u00e3o<\/a> para que ela seja recuperada<\/strong>. Quando o foco muda da intelig\u00eancia para o painel de controle, o SEO perde o seu rumo e torna-se apenas ru\u00eddo estat\u00edstico em planilhas que &#8220;esquentam velhas formas&#8221;.<\/p>\n\n\n\n<h2 class=\"wp-block-heading\"><span class=\"ez-toc-section\" id=\"estrategia_e_tatica_sao_o_resgate_necessario_do_marketing_e_da_gestao\"><\/span>Estrat\u00e9gia e t\u00e1tica s\u00e3o o resgate necess\u00e1rio do marketing e da gest\u00e3o<span class=\"ez-toc-section-end\"><\/span><\/h2>\n\n\n\n<p>Eu tenho uma proposta para recuperarmos a dignidade t\u00e9cnica do nosso trabalho. Ela envolve, antes de tudo, resgatar a diferencia\u00e7\u00e3o entre estrat\u00e9gia e t\u00e1tica, algo que a administra\u00e7\u00e3o e o marketing j\u00e1 consolidaram h\u00e1 d\u00e9cadas. E aqui eu vou puxar a sardinha para o meu braseiro acad\u00eamico\/estrat\u00e9gico.<\/p>\n\n\n\n<p>Voc\u00eas que me conhecem j\u00e1 sabem: para mim a estrat\u00e9gia inicial inegoci\u00e1vel no SEO \u00e9 a escolha do Dom\u00ednio do Conhecimento. \u00c9 o &#8220;porqu\u00ea&#8221; e o &#8220;para onde vamos&#8221; nesse projeto que est\u00e1 nascendo. Aquele bom e velho mapa que n\u00e3o permite que eu me perca quando todos gritam por resultado na reuni\u00e3o de sexta-feira.<\/p>\n\n\n\n<p>Trata-se de uma vis\u00e3o de longo prazo, intimamente alinhada aos objetivos do neg\u00f3cio do cliente, esse que me contratou. \u00c9 a tomada de decis\u00e3o consciente de qual territ\u00f3rio sem\u00e2ntico a marca deseja ocupar e como ela pretende ser percebida como autoridade naquele campo, como vai estruturar sua comunica\u00e7\u00e3o para fora dos seus cercadinhos e qual l\u00e9xico vai usar (como vai falar com seu p\u00fablico).<\/p>\n\n\n\n<p>A t\u00e1tica, por sua vez, \u00e9 o &#8220;como&#8221;. E \u00e9 aqui que o nosso conjunto de pr\u00e1ticas precisa de uma atualiza\u00e7\u00e3o profunda, bebendo diretamente da fonte da Biblioteconomia e da Ci\u00eancia da Informa\u00e7\u00e3o, velhas conhecedoras de como organizar informa\u00e7\u00e3o. Proponho que as nossas t\u00e1ticas n\u00e3o sejam apenas &#8220;ajustes t\u00e9cnicos&#8221;, mas sim o uso de instrumentos intelectuais:<\/p>\n\n\n\n<ul class=\"wp-block-list\">\n<li><strong>An\u00e1lise de Dom\u00ednio do Conhecimento:<\/strong> para mapear como a informa\u00e7\u00e3o \u00e9 produzida e consumida em uma \u00e1rea espec\u00edfica.<\/li>\n\n\n\n<li><strong>Cria\u00e7\u00e3o de Vocabul\u00e1rios Controlados:<\/strong> para garantir a consist\u00eancia terminol\u00f3gica.<\/li>\n\n\n\n<li><strong>Taxonomia e Tesauros:<\/strong> para estabelecer rela\u00e7\u00f5es hier\u00e1rquicas e associativas entre conceitos.<\/li>\n<\/ul>\n\n\n\n<p>Com esse trio acima temos tudo o que precisamos para estruturar o projeto para o seu in\u00edcio e criamos um passo a passo para mant\u00ea-lo atualizado conforme as mudan\u00e7as ocorrem. Um projeto que inicia assim \u00e9 baseado no passado e no presente, mas ao mesmo tempo, conectado com o futuro.<\/p>\n\n\n\n<p>Para ir al\u00e9m, temos \u00e0 disposi\u00e7\u00e3o as t\u00e1ticas modernas que v\u00eam da <a class=\"wl-entity-page-link\" title=\"web semantica\" href=\"https:\/\/semantico.com.br\/blog\/Vocabulario\/web-semantica\/\" data-id=\"http:\/\/data.wordlift.io\/wl0221\/entity\/web-semantica\" >Web Sem\u00e2ntica<\/a>: a marca\u00e7\u00e3o de <a class=\"wl-entity-page-link\" title=\"dados-estruturados\" href=\"https:\/\/semantico.com.br\/blog\/Vocabulario\/dados-estruturados\/\" data-id=\"http:\/\/data.wordlift.io\/wl0221\/entity\/dados-estruturados;http:\/\/data.wordlift.io\/wl0221\/entity\/dados__estruturados\" >dados estruturados<\/a> e a constru\u00e7\u00e3o de <a class=\"wl-entity-page-link\" title=\"Teoria dos grafos\" href=\"https:\/\/semantico.com.br\/blog\/Vocabulario\/teoria-dos-grafos\/\" data-id=\"http:\/\/data.wordlift.io\/wl0221\/entity\/teoria-dos-grafos\" >Grafos<\/a> de Conhecimento pr\u00f3prios. A t\u00e1tica \u00e9 a execu\u00e7\u00e3o de um <a class=\"wl-entity-page-link\" title=\"Content\" href=\"https:\/\/semantico.com.br\/blog\/Vocabulario\/conteudo\/\" data-id=\"http:\/\/data.wordlift.io\/wl0221\/entity\/conteudo\" >conte\u00fado<\/a> fundamentado, criado por especialistas, em que a IA atua como um suporte de engenharia e n\u00e3o como um substituto do pensamento. Sem uma estrat\u00e9gia clara, qualquer t\u00e1tica, por mais tecnol\u00f3gica que seja, \u00e9 apenas esfor\u00e7o desperdi\u00e7ado.<\/p>\n\n\n\n<h2 class=\"wp-block-heading\"><span class=\"ez-toc-section\" id=\"o_fluxo_de_trabalho_semantico_como_ferramenta_intelectual\"><\/span>O Fluxo de Trabalho Sem\u00e2ntico como ferramenta intelectual<span class=\"ez-toc-section-end\"><\/span><\/h2>\n\n\n\n<p>A abordagem que defendo no meu <strong>Fluxo de Trabalho Sem\u00e2ntico<\/strong> coloca a intelig\u00eancia humana e os m\u00e9todos das Ci\u00eancias da Informa\u00e7\u00e3o \u00e0 frente de qualquer documento no Google Docs, planilha ou linha de c\u00f3digo. \u00c9 um processo onde o uso de <a class=\"wl-entity-page-link\" title=\"taxonomia\" href=\"https:\/\/semantico.com.br\/blog\/Vocabulario\/taxonomia__trashed\/\" data-id=\"http:\/\/data.wordlift.io\/wl0221\/entity\/taxonomia__trashed\" >taxonomias<\/a> e tesauros precede a publica\u00e7\u00e3o de qualquer artigo, e mais, s\u00e3o ativos que servem de fundamento para a constru\u00e7\u00e3o da estrat\u00e9gia de conte\u00fado e de sua execu\u00e7\u00e3o.<\/p>\n\n\n\n<p>O passo estrat\u00e9gico primordial aqui \u00e9 a defini\u00e7\u00e3o do <strong>Campo Sem\u00e2ntico<\/strong>. Precisamos, de uma vez por todas, abolir a vis\u00e3o arcaica baseada em palavras-chave e volumes de busca vazios. O nosso trabalho \u00e9 construir significados atrav\u00e9s do alinhamento de conceitos e da escolha criteriosa das <a class=\"wl-entity-page-link\"  href=\"https:\/\/semantico.com.br\/blog\/Vocabulario\/entidades\/\" data-id=\"http:\/\/data.wordlift.io\/wl0221\/entity\/entidades\" >entidades<\/a> que os representam.<\/p>\n\n\n\n<p>E isso n\u00e3o \u00e9 imposs\u00edvel de fazer, n\u00e3o precisa de softwares caros ou sistemas complexos. Pode ser feito com o processo correto, papel e caneta! O curso sobre SEO Sem\u00e2ntico que eu criei foi pensado exatamente para isso. Te mostrar como aplicar um processo claro (e testado) de trabalho.<\/p>\n\n\n\n<p><strong>Acesse a LP que preparei para lhe explicar tudo sobre o Fluxo: <a href=\"https:\/\/semantico.com.br\/fluxo-trabalho-semantico.html\">Fluxo de Trabalho Sem\u00e2ntico da Sem\u00e2ntico SEO<\/a><\/strong><\/p>\n\n\n\n<h3 class=\"wp-block-heading\"><span class=\"ez-toc-section\" id=\"um_workflow_para_acabar_com_a_ambiguidade\"><\/span>Um workflow para acabar com a ambiguidade<span class=\"ez-toc-section-end\"><\/span><\/h3>\n\n\n\n<p>Neste cen\u00e1rio, a desambigua\u00e7\u00e3o torna-se o ato determinante e o foco estrat\u00e9gico. O processo de tornar expl\u00edcito o sentido da informa\u00e7\u00e3o, eliminando as m\u00faltiplas interpreta\u00e7\u00f5es poss\u00edveis para que os Sistemas de Recupera\u00e7\u00e3o de Informa\u00e7\u00e3o (SRIs) operem com precis\u00e3o absoluta, \u00e9 que torna o nosso projeto diferente do concorrente, que s\u00f3 diz mais do mesmo.<\/p>\n\n\n\n<p>Pense comigo: se o motor de busca n\u00e3o tem d\u00favidas sobre o que voc\u00ea est\u00e1 dizendo, a sua <a class=\"wl-entity-page-link\"  href=\"https:\/\/semantico.com.br\/blog\/Vocabulario\/visibilidade\/\" data-id=\"http:\/\/data.wordlift.io\/wl0221\/entity\/visibilidade\" >visibilidade<\/a> n\u00e3o deve ser a consequ\u00eancia natural desta clareza? Coloque todo o seu conhecimento sobre indexa\u00e7\u00e3o e recupera\u00e7\u00e3o da informa\u00e7\u00e3o e reflita sobre isso.<\/p>\n\n\n\n<h2 class=\"wp-block-heading\"><span class=\"ez-toc-section\" id=\"da_organizacao_a_recuperacao_a_tatica_a_servico_da_semantica\"><\/span>Da organiza\u00e7\u00e3o \u00e0 recupera\u00e7\u00e3o: a t\u00e1tica a servi\u00e7o da sem\u00e2ntica<span class=\"ez-toc-section-end\"><\/span><\/h2>\n\n\n\n<p>A forma como organizamos a informa\u00e7\u00e3o no site \u00e9 uma decis\u00e3o t\u00e1tica de valor inestim\u00e1vel para a autoridade do seu projeto. Aqui, o dilema entre as abordagens <em>Top-Down<\/em> (do geral para o espec\u00edfico) e <em>Bottom-Up<\/em> (da base para o topo) molda a Arquitetura da Informa\u00e7\u00e3o e dita como o Google compreender\u00e1 a profundidade do seu site.<\/p>\n\n\n\n<p>Eu j\u00e1 falei sobre isso aqui no Blog Sem\u00e2ntico, mas a escolha de como vai abordar a <a class=\"wl-entity-page-link\" title=\"organiza\u00e7\u00f5es\" href=\"https:\/\/semantico.com.br\/blog\/Vocabulario\/organizacao-2\/\" data-id=\"http:\/\/data.wordlift.io\/wl0221\/entity\/organizacao-2\" >organiza\u00e7\u00e3o<\/a> da taxonomia do seu projeto n\u00e3o come\u00e7a no desenvolvimento do site. Essa \u00e9 uma conversa que precisa ser feita com quem define a estrat\u00e9gia da empresa com a qual voc\u00ea trabalha, com os times de produto, marketing, branding e outros. <\/p>\n\n\n\n<p>S\u00e3o eles os seus parceiros na importante tarefa de definir essa abordagem e como a empresa vai organizar a informa\u00e7\u00e3o que vai estar expl\u00edcita para os buscadores. E essa decis\u00e3o vai lhe ajudar a usar os dados estruturados de forma muito mais consciente.<\/p>\n\n\n\n<p>As t\u00e1ticas de marca\u00e7\u00e3o estruturada (Schema.org), portanto, n\u00e3o s\u00e3o meros &#8220;enfeites&#8221; para gerar <em>rich snippets<\/em>. Elas s\u00e3o uma das formas mais f\u00e1ceis de conectar o <a class=\"wl-entity-page-link\" title=\"Knowledge Graph\" href=\"https:\/\/semantico.com.br\/blog\/Vocabulario\/grafo-do-conhecimento\/\" data-id=\"http:\/\/data.wordlift.io\/wl0221\/entity\/grafo-do-conhecimento\" >grafo de conhecimento<\/a> do seu projeto com os Grafos de Conhecimento dos buscadores. <\/p>\n\n\n\n<p>Espero estar me fazendo entender: algumas tarefas do que se convencionou chamar de SEO t\u00e9cnico (como se ele fosse um tipo diferente de SEO), nada mais s\u00e3o do que t\u00e1ticas que pertencem a uma estrat\u00e9gia. Voc\u00ea pode incluir nisso as otimiza\u00e7\u00f5es do servidor, no c\u00f3digo da <a class=\"wl-entity-page-link\" title=\"p\u00e1ginas e po\" href=\"https:\/\/semantico.com.br\/blog\/Vocabulario\/pagina-web\/\" data-id=\"http:\/\/data.wordlift.io\/wl0221\/entity\/pagina-web\" >p\u00e1gina<\/a> e outros crit\u00e9rios &#8220;t\u00e9cnicos&#8221;.<\/p>\n\n\n\n<h2 class=\"wp-block-heading\"><span class=\"ez-toc-section\" id=\"o_especialista_em_seo_como_arquiteto_de_significados\"><\/span>O especialista em SEO como arquiteto de significados<span class=\"ez-toc-section-end\"><\/span><\/h2>\n\n\n\n<p>As ferramentas certas para o SEO n\u00e3o est\u00e3o apenas em uma aba do navegador ou em uma mensalidade do seu SaaS preferido; elas est\u00e3o na sua capacidade de organiza\u00e7\u00e3o, no seu pensamento cr\u00edtico e na base te\u00f3rica s\u00f3lida, que eu fui qualificar na Biblioteconomia.<\/p>\n\n\n\n<p>Na minha vis\u00e3o, o profissional de SEO que o futuro exige \u00e9 um arquiteto de significados. Algu\u00e9m que entende que otimizar para motores de busca \u00e9, na verdade, otimizar a compreens\u00e3o humana e maquinal sobre a informa\u00e7\u00e3o.<\/p>\n\n\n\n<p>O meu convite \u00e9 para que voc\u00ea saia da superf\u00edcie das ferramentas autom\u00e1ticas e das planilhas de &#8220;mais do mesmo&#8221;. Crie o seu processo de trabalho, use de outra pessoa, mas reflita na diferen\u00e7a do panorama da busca, conhe\u00e7a o seu p\u00fablico e pesquise como ele procura aquilo que voc\u00ea oferece. Esse \u00e9 o ponto mais perene do SEO: as pessoas continuam fazendo trilh\u00f5es de perguntas todos os dias, em todos os lugares e de formas mais variadas poss\u00edveis. <\/p>\n\n\n\n<p>A sua melhor estrat\u00e9gia \u00e9 conhecer essas pessoas, e a t\u00e1tica perfeita \u00e9 responder a essas perguntas.<\/p>\n\n\n\n<figure class=\"wp-block-image alignwide size-full\"><img loading=\"lazy\" decoding=\"async\" width=\"1920\" height=\"1080\" src=\"https:\/\/semantico.com.br\/blog\/wp-content\/uploads\/2025\/10\/Curso-SEO-Semantico-Semantico-SEO.png\" alt=\"\" class=\"wp-image-9249\" title=\"\" srcset=\"https:\/\/semantico.com.br\/blog\/wp-content\/uploads\/2025\/10\/Curso-SEO-Semantico-Semantico-SEO.png 1920w, https:\/\/semantico.com.br\/blog\/wp-content\/uploads\/2025\/10\/Curso-SEO-Semantico-Semantico-SEO-600x338.png 600w, https:\/\/semantico.com.br\/blog\/wp-content\/uploads\/2025\/10\/Curso-SEO-Semantico-Semantico-SEO-768x432.png 768w, https:\/\/semantico.com.br\/blog\/wp-content\/uploads\/2025\/10\/Curso-SEO-Semantico-Semantico-SEO-100x56.png 100w, https:\/\/semantico.com.br\/blog\/wp-content\/uploads\/2025\/10\/Curso-SEO-Semantico-Semantico-SEO-1536x864.png 1536w, https:\/\/semantico.com.br\/blog\/wp-content\/uploads\/2025\/10\/Curso-SEO-Semantico-Semantico-SEO-1200x675.png 1200w\" sizes=\"auto, (max-width: 1920px) 100vw, 1920px\" \/><\/figure>\n\n\n\n<div class=\"wp-block-columns are-vertically-aligned-center is-layout-flex wp-container-core-columns-is-layout-9d6595d7 wp-block-columns-is-layout-flex\">\n<div class=\"wp-block-column is-vertically-aligned-center is-layout-flow wp-block-column-is-layout-flow\">\n<div class=\"wp-block-buttons is-layout-flex wp-block-buttons-is-layout-flex\">\n<div class=\"wp-block-button has-custom-width wp-block-button__width-100\"><a class=\"wp-block-button__link has-white-color has-text-color has-background wp-element-button\" href=\"https:\/\/semantico.com.br\/curso-seo-semantico.html\" style=\"background-color:#590050\" target=\"_blank\" rel=\"noreferrer noopener\">Saiba Mais<\/a><\/div>\n<\/div>\n<\/div>\n<\/div>\n\n\n","protected":false},"excerpt":{"rendered":"<p>Nos dias de hoje vemos uma profus\u00e3o enorme de ferramentas, estrat\u00e9gias, modelos e aplica\u00e7\u00f5es diferentes no nosso velho (e cansado) SEO. Muitas delas s\u00e3o um frescor necess\u00e1rio no nosso mercado, o SEO Sem\u00e2ntico, que me conquistou \u00e0 primeira vista, \u00e9 uma dessas &#8220;novidades&#8221;, que chegou devagar e tomou posse do seu quinh\u00e3o de terra do [&hellip;]<\/p>\n","protected":false},"author":2,"featured_media":9519,"comment_status":"open","ping_status":"open","sticky":false,"template":"","format":"standard","meta":{"wl_entities_gutenberg":"","episode_type":"","audio_file":"","podmotor_file_id":"","podmotor_episode_id":"","cover_image":"","cover_image_id":"","duration":"","filesize":"","filesize_raw":"","date_recorded":"","explicit":"","block":"","itunes_episode_number":"","itunes_title":"","itunes_season_number":"","itunes_episode_type":"","footnotes":""},"categories":[461,625],"tags":[],"wl_entity_type":[51],"series":[],"class_list":["post-7787","post","type-post","status-publish","format-standard","has-post-thumbnail","hentry","category-seo-semantico","category-informacao-e-conhecimento-estrategico","wl_entity_type-article"],"episode_featured_image":"https:\/\/semantico.com.br\/blog\/wp-content\/uploads\/2026\/03\/SEO-estrategias-taticas.png","episode_player_image":"https:\/\/semantico.com.br\/blog\/wp-content\/uploads\/2026\/03\/Capa-podcast.png","download_link":"","player_link":"","audio_player":false,"episode_data":{"playerMode":"dark","subscribeUrls":{"apple_podcasts":{"key":"apple_podcasts","url":"","label":"Apple Podcasts","class":"apple_podcasts","icon":"apple-podcasts.png"},"google_podcasts":{"key":"google_podcasts","url":"","label":"Google Podcasts","class":"google_podcasts","icon":"google-podcasts.png"},"pocketcasts":{"key":"pocketcasts","url":"","label":"PocketCasts","class":"pocketcasts","icon":"pocketcasts.png"},"podbean":{"key":"podbean","url":"","label":"Podbean","class":"podbean","icon":"podbean.png"},"stitcher":{"key":"stitcher","url":"","label":"Stitcher","class":"stitcher","icon":"stitcher.png"},"iheartradio":{"key":"iheartradio","url":"","label":"iHeartRadio","class":"iheartradio","icon":"iheartradio.png"}},"rssFeedUrl":"https:\/\/semantico.com.br\/blog\/feed\/podcast\/seo-semantico-podcast","embedCode":"<blockquote class=\"wp-embedded-content\" data-secret=\"wszmBJVUPw\"><a href=\"https:\/\/semantico.com.br\/blog\/as-ferramentas-certas-para-o-seo-sao-estrategias-e-taticas\/\">As ferramentas certas para o SEO s\u00e3o estrat\u00e9gias e t\u00e1ticas<\/a><\/blockquote><iframe sandbox=\"allow-scripts\" security=\"restricted\" src=\"https:\/\/semantico.com.br\/blog\/as-ferramentas-certas-para-o-seo-sao-estrategias-e-taticas\/embed\/#?secret=wszmBJVUPw\" width=\"500\" height=\"350\" title=\"&#8220;As ferramentas certas para o SEO s\u00e3o estrat\u00e9gias e t\u00e1ticas&#8221; &#8212; Blog Sem\u00e2ntico\" data-secret=\"wszmBJVUPw\" frameborder=\"0\" marginwidth=\"0\" marginheight=\"0\" scrolling=\"no\" class=\"wp-embedded-content\"><\/iframe><script type=\"text\/javascript\">\n\/* <![CDATA[ *\/\n\/*! This file is auto-generated *\/\n!function(d,l){\"use strict\";l.querySelector&&d.addEventListener&&\"undefined\"!=typeof URL&&(d.wp=d.wp||{},d.wp.receiveEmbedMessage||(d.wp.receiveEmbedMessage=function(e){var t=e.data;if((t||t.secret||t.message||t.value)&&!\/[^a-zA-Z0-9]\/.test(t.secret)){for(var s,r,n,a=l.querySelectorAll('iframe[data-secret=\"'+t.secret+'\"]'),o=l.querySelectorAll('blockquote[data-secret=\"'+t.secret+'\"]'),c=new RegExp(\"^https?:$\",\"i\"),i=0;i<o.length;i++)o[i].style.display=\"none\";for(i=0;i<a.length;i++)s=a[i],e.source===s.contentWindow&&(s.removeAttribute(\"style\"),\"height\"===t.message?(1e3<(r=parseInt(t.value,10))?r=1e3:~~r<200&&(r=200),s.height=r):\"link\"===t.message&&(r=new URL(s.getAttribute(\"src\")),n=new URL(t.value),c.test(n.protocol))&&n.host===r.host&&l.activeElement===s&&(d.top.location.href=t.value))}},d.addEventListener(\"message\",d.wp.receiveEmbedMessage,!1),l.addEventListener(\"DOMContentLoaded\",function(){for(var e,t,s=l.querySelectorAll(\"iframe.wp-embedded-content\"),r=0;r<s.length;r++)(t=(e=s[r]).getAttribute(\"data-secret\"))||(t=Math.random().toString(36).substring(2,12),e.src+=\"#?secret=\"+t,e.setAttribute(\"data-secret\",t)),e.contentWindow.postMessage({message:\"ready\",secret:t},\"*\")},!1)))}(window,document);\n\/\/# sourceURL=https:\/\/semantico.com.br\/blog\/wp-includes\/js\/wp-embed.min.js\n\/* ]]> *\/\n<\/script>\n"},"_wl_alt_label":[],"wl:entity_url":"http:\/\/data.wordlift.io\/wl0221\/post\/as-ferramentas-certas-para-o-seo-semantico-sao-estrategias-e-taticas-7787","_links":{"self":[{"href":"https:\/\/semantico.com.br\/blog\/wp-json\/wp\/v2\/posts\/7787","targetHints":{"allow":["GET"]}}],"collection":[{"href":"https:\/\/semantico.com.br\/blog\/wp-json\/wp\/v2\/posts"}],"about":[{"href":"https:\/\/semantico.com.br\/blog\/wp-json\/wp\/v2\/types\/post"}],"author":[{"embeddable":true,"href":"https:\/\/semantico.com.br\/blog\/wp-json\/wp\/v2\/users\/2"}],"replies":[{"embeddable":true,"href":"https:\/\/semantico.com.br\/blog\/wp-json\/wp\/v2\/comments?post=7787"}],"version-history":[{"count":0,"href":"https:\/\/semantico.com.br\/blog\/wp-json\/wp\/v2\/posts\/7787\/revisions"}],"wp:featuredmedia":[{"embeddable":true,"href":"https:\/\/semantico.com.br\/blog\/wp-json\/wp\/v2\/media\/9519"}],"wp:attachment":[{"href":"https:\/\/semantico.com.br\/blog\/wp-json\/wp\/v2\/media?parent=7787"}],"wp:term":[{"taxonomy":"category","embeddable":true,"href":"https:\/\/semantico.com.br\/blog\/wp-json\/wp\/v2\/categories?post=7787"},{"taxonomy":"post_tag","embeddable":true,"href":"https:\/\/semantico.com.br\/blog\/wp-json\/wp\/v2\/tags?post=7787"},{"taxonomy":"wl_entity_type","embeddable":true,"href":"https:\/\/semantico.com.br\/blog\/wp-json\/wp\/v2\/wl_entity_type?post=7787"},{"taxonomy":"series","embeddable":true,"href":"https:\/\/semantico.com.br\/blog\/wp-json\/wp\/v2\/series?post=7787"}],"curies":[{"name":"wp","href":"https:\/\/api.w.org\/{rel}","templated":true}]}}