{"id":94,"date":"2019-06-03T21:38:18","date_gmt":"2019-06-03T18:38:18","guid":{"rendered":"https:\/\/semantico.com.br\/blog\/?p=94"},"modified":"2026-03-25T23:39:35","modified_gmt":"2026-03-25T20:39:35","slug":"estudo-de-caso-e-o-poder-do-seo-semantico","status":"publish","type":"post","link":"https:\/\/semantico.com.br\/blog\/estudo-de-caso-e-o-poder-do-seo-semantico\/","title":{"rendered":"Estudo de Caso e o Poder do SEO Sem\u00e2ntico"},"content":{"rendered":"\n<p>Tenho feito testes e estudos em&nbsp;<a href=\"https:\/\/semantico.com.br\/blog\/o-que-e-web-semantica\/\">Web Sem\u00e2ntica<\/a>&nbsp;desde 2015 quando li pela primeira vez o fundamental livro&nbsp;<a class=\"wl-entity-page-link\" title=\"Google Brasil\" href=\"https:\/\/semantico.com.br\/blog\/Vocabulario\/google\/\" data-id=\"http:\/\/data.wordlift.io\/wl0221\/entity\/google\" >Google<\/a> <a class=\"wl-entity-page-link\" title=\"Sem\u00e2ntica\" href=\"https:\/\/semantico.com.br\/blog\/Vocabulario\/semantica\/\" data-id=\"http:\/\/data.wordlift.io\/wl0221\/entity\/semantica;http:\/\/data.wordlift.io\/wl0221\/entity\/semantica\" >Semantic<\/a> <a class=\"wl-entity-page-link\"  href=\"https:\/\/semantico.com.br\/blog\/Vocabulario\/search\/\" data-id=\"http:\/\/data.wordlift.io\/wl0221\/entity\/search\" >Search<\/a>. Se voc\u00ea quiser ainda acha o&nbsp;<a rel=\"noreferrer noopener\" href=\"https:\/\/medium.com\/seo-sem%C3%A2ntico\/fichamento-do-livro-google-semantic-search-73a70d2de438\" target=\"_blank\">fichamento que eu fiz no Medium.<\/a><\/p>\n\n\n\n<p><strong>Voc\u00ea pode ler meus textos no&nbsp;<\/strong><a rel=\"noreferrer noopener\" href=\"https:\/\/medium.com\/seo-sem%C3%A2ntico\" target=\"_blank\">Medium<\/a><strong>, no&nbsp;<\/strong><a rel=\"noreferrer noopener\" href=\"https:\/\/www.linkedin.com\/in\/alexrodrigues\/detail\/recent-activity\/posts\/\" target=\"_blank\">Linkedin<\/a><strong>&nbsp;ou aqui no&nbsp;<\/strong><a href=\"https:\/\/semantico.com.br\/blog\/\" target=\"_blank\" rel=\"noreferrer noopener\" aria-label=\" (opens in a new tab)\">Blog<\/a><strong>.<\/strong><\/p>\n\n\n\n<p>Mas o que eu quero mostrar \u00e9 o mais recente teste que fiz, dessa vez usando duas ferramentas que eu gosto muito, tenho bastante <a class=\"wl-entity-page-link\" title=\"ontologias\" href=\"https:\/\/semantico.com.br\/blog\/Vocabulario\/dados\/\" data-id=\"http:\/\/data.wordlift.io\/wl0221\/entity\/dados;http:\/\/data.wordlift.io\/wl0221\/entity\/conhecimento;http:\/\/data.wordlift.io\/wl0221\/entity\/ontologia;http:\/\/data.wordlift.io\/wl0221\/entity\/entidade_informatica\">conhecimento<\/a>.<\/p>\n\n\n\n<p>Geralmente recomendo para todo mundo que est\u00e1 criando um projeto de <a class=\"wl-entity-page-link\" title=\"Content\" href=\"https:\/\/semantico.com.br\/blog\/Vocabulario\/conteudo-2\/\" data-id=\"http:\/\/data.wordlift.io\/wl0221\/entity\/conteudo-2\">conte\u00fado<\/a> e elas s\u00e3o o <a class=\"wl-entity-page-link\" href=\"https:\/\/semantico.com.br\/blog\/Vocabulario\/wordpress-2\/\" data-id=\"http:\/\/data.wordlift.io\/wl0221\/entity\/wordpress-2\">WordPress<\/a> e um plugin chamado&nbsp;<em>Wordlift<\/em>.<\/p>\n\n\n\n<p>Sobre o&nbsp;<em>Wordlift&nbsp;<\/em>eu j\u00e1 escrevi quando falei que \u201c<a rel=\"noreferrer noopener\" href=\"https:\/\/medium.com\/@alexrodrigues43\/as-ferramentas-certas-para-o-seo-sem%C3%A2ntico-s%C3%A3o-estrat%C3%A9gias-e-t%C3%A1ticas-fab2a22818eb\" target=\"_blank\">As ferramentas certas para o <strong>SEO sem\u00e2ntico<\/strong> s\u00e3o estrat\u00e9gias e t\u00e1ticas.<\/a>\u201d mas resumindo para voc\u00ea esse plugin analisa o seu conte\u00fado e identifica&nbsp;<a class=\"wl-entity-page-link\" title=\"Entidade (inform\u00e1tica)\" href=\"https:\/\/semantico.com.br\/blog\/Vocabulario\/entidade-informatica\/\" data-id=\"http:\/\/data.wordlift.io\/wl0221\/entity\/entidade-informatica;http:\/\/data.wordlift.io\/wl0221\/entity\/entidade-informatica-2\">entidades<\/a>&nbsp;(<em>entities<\/em>) e as organiza nas quatro categorias b\u00e1sicas: Quem, O qu\u00ea, Quando e Onde. Depois ele automatiza a <a class=\"wl-entity-page-link\" title=\"Linguagem de marca\u00e7\u00e3o\" href=\"https:\/\/semantico.com.br\/blog\/Vocabulario\/linguagem-de-marcacao\/\" data-id=\"http:\/\/data.wordlift.io\/wl0221\/entity\/linguagem-de-marcacao-2\">marca\u00e7\u00e3o<\/a> do artigo que escreveu adicionando <a class=\"wl-entity-page-link\" title=\"informa\u00e7\u00f5es\" href=\"https:\/\/semantico.com.br\/blog\/Vocabulario\/informacao\/\" data-id=\"http:\/\/data.wordlift.io\/wl0221\/entity\/informacao;http:\/\/data.wordlift.io\/wl0221\/entity\/otimizacao_para_motores_de_busca\">informa\u00e7\u00e3o<\/a> contextual, com links internos para um&nbsp;<a class=\"wl-entity-page-link\" title=\"vocabul\u00e1rios\" href=\"https:\/\/semantico.com.br\/blog\/Vocabulario\/vocabulario\/\" data-id=\"http:\/\/data.wordlift.io\/wl0221\/entity\/vocabulario\">vocabul\u00e1rio<\/a> <a class=\"wl-entity-page-link\" title=\"Sem\u00e2nticas\" href=\"https:\/\/semantico.com.br\/blog\/Vocabulario\/semantico-servicos-em-tecnologia-da-informacao-eireli\/\" data-id=\"http:\/\/data.wordlift.io\/wl0221\/entity\/semantico-servicos-em-tecnologia-da-informacao-eireli\">sem\u00e2ntico<\/a>, que \u00e9 atualizado a cada novo conte\u00fado.<\/p>\n\n\n\n<p>A cria\u00e7\u00e3o de novas&nbsp;entidades&nbsp;que v\u00e3o enriquecer o vocabul\u00e1rio do seu <a class=\"wl-entity-page-link\" title=\"Websites\" href=\"https:\/\/semantico.com.br\/blog\/Vocabulario\/site\/\" data-id=\"http:\/\/data.wordlift.io\/wl0221\/entity\/site\">site<\/a>, fortalecendo a sua relev\u00e2ncia no seu mercado \u00e9 bem simples de <a class=\"wl-entity-page-link\" href=\"https:\/\/semantico.com.br\/blog\/Vocabulario\/ser\/\" data-id=\"http:\/\/data.wordlift.io\/wl0221\/entity\/ser\">ser<\/a> feita.<\/p>\n\n\n\n<p>E foi usando essa <a class=\"wl-entity-page-link\" href=\"https:\/\/semantico.com.br\/blog\/Vocabulario\/estrategia\/\" data-id=\"http:\/\/data.wordlift.io\/wl0221\/entity\/estrategia\">estrat\u00e9gia<\/a>: conte\u00fado no WordPress com marca\u00e7\u00e3o sem\u00e2ntica via&nbsp;<em>Wordlift&nbsp;<\/em>que cheguei ao resultado que agora mostro a voc\u00eas!<\/p>\n\n\n\n<p><strong>Mas antes&#8230;<\/strong><\/p>\n\n\n\n<p>Quero deixar aqui uma apresenta\u00e7\u00e3o que fiz no dia 11 de setembro de 2021 no canal do Youtube do grupo <strong><a href=\"https:\/\/www.linkedin.com\/groups\/12335968\/\" target=\"_blank\" data-type=\"URL\" data-id=\"https:\/\/www.linkedin.com\/groups\/12335968\/\" rel=\"noreferrer noopener\">IA Biblio BR<\/a><\/strong>, com o tema &#8220;Sem\u00e2ntica na Pr\u00e1tica&#8221;. A minha apresenta\u00e7\u00e3o foi mostrando exatamente o uso pr\u00e1tico da sem\u00e2ntica no SEO usando o <a href=\"https:\/\/wordlift.io\/\" target=\"_blank\" data-type=\"URL\" data-id=\"https:\/\/wordlift.io\/\" rel=\"noreferrer noopener\">WordLift<\/a>.<\/p>\n\n\n\n<figure class=\"wp-block-embed is-type-video is-provider-youtube wp-block-embed-youtube wp-embed-aspect-16-9 wp-has-aspect-ratio\"><div class=\"wp-block-embed__wrapper\">\n<iframe loading=\"lazy\" title=\"Sem\u00e2ntica Aplicada no SEO\" width=\"640\" height=\"360\" src=\"https:\/\/www.youtube.com\/embed\/rmrdxtQCzYk?start=2024&#038;feature=oembed&#038;enablejsapi=1&#038;origin=https:\/\/semantico.com.br\/blog\" frameborder=\"0\" allow=\"accelerometer; autoplay; clipboard-write; encrypted-media; gyroscope; picture-in-picture; web-share\" referrerpolicy=\"strict-origin-when-cross-origin\" allowfullscreen><\/iframe>\n<\/div><figcaption class=\"wp-element-caption\">Sem\u00e2ntica Aplicada no SEO &#8211; Transmitido ao vivo em 11 de set. de 2021<\/figcaption><\/figure>\n\n\n\n<div id=\"ez-toc-container\" class=\"ez-toc-v2_0_82_2 counter-hierarchy ez-toc-counter ez-toc-grey ez-toc-container-direction\">\n<div class=\"ez-toc-title-container\">\n<p class=\"ez-toc-title\" style=\"cursor:inherit\">Conte\u00fados<\/p>\n<span class=\"ez-toc-title-toggle\"><a href=\"#\" class=\"ez-toc-pull-right ez-toc-btn ez-toc-btn-xs ez-toc-btn-default ez-toc-toggle\" aria-label=\"Alternar tabela de conte\u00fado\"><span class=\"ez-toc-js-icon-con\"><span class=\"\"><span class=\"eztoc-hide\" style=\"display:none;\">Toggle<\/span><span class=\"ez-toc-icon-toggle-span\"><svg style=\"fill: #999;color:#999\" xmlns=\"http:\/\/www.w3.org\/2000\/svg\" class=\"list-377408\" width=\"20px\" height=\"20px\" viewBox=\"0 0 24 24\" fill=\"none\"><path d=\"M6 6H4v2h2V6zm14 0H8v2h12V6zM4 11h2v2H4v-2zm16 0H8v2h12v-2zM4 16h2v2H4v-2zm16 0H8v2h12v-2z\" fill=\"currentColor\"><\/path><\/svg><svg style=\"fill: #999;color:#999\" class=\"arrow-unsorted-368013\" xmlns=\"http:\/\/www.w3.org\/2000\/svg\" width=\"10px\" height=\"10px\" viewBox=\"0 0 24 24\" version=\"1.2\" baseProfile=\"tiny\"><path d=\"M18.2 9.3l-6.2-6.3-6.2 6.3c-.2.2-.3.4-.3.7s.1.5.3.7c.2.2.4.3.7.3h11c.3 0 .5-.1.7-.3.2-.2.3-.5.3-.7s-.1-.5-.3-.7zM5.8 14.7l6.2 6.3 6.2-6.3c.2-.2.3-.5.3-.7s-.1-.5-.3-.7c-.2-.2-.4-.3-.7-.3h-11c-.3 0-.5.1-.7.3-.2.2-.3.5-.3.7s.1.5.3.7z\"\/><\/svg><\/span><\/span><\/span><\/a><\/span><\/div>\n<nav><ul class='ez-toc-list ez-toc-list-level-1 ' ><li class='ez-toc-page-1 ez-toc-heading-level-2'><a class=\"ez-toc-link ez-toc-heading-1\" href=\"https:\/\/semantico.com.br\/blog\/estudo-de-caso-e-o-poder-do-seo-semantico\/#caso_de_estudo_bezerra_de_menezes\" >Caso de Estudo: Bezerra de Menezes.<\/a><\/li><li class='ez-toc-page-1 ez-toc-heading-level-2'><a class=\"ez-toc-link ez-toc-heading-2\" href=\"https:\/\/semantico.com.br\/blog\/estudo-de-caso-e-o-poder-do-seo-semantico\/#encontrando_entidades_otimizando_vocabulario\" >Encontrando entidades, otimizando vocabul\u00e1rio<\/a><\/li><li class='ez-toc-page-1 ez-toc-heading-level-2'><a class=\"ez-toc-link ez-toc-heading-3\" href=\"https:\/\/semantico.com.br\/blog\/estudo-de-caso-e-o-poder-do-seo-semantico\/#otimizacao_semantica_resultados\" >Otimiza\u00e7\u00e3o Sem\u00e2ntica: resultados<\/a><\/li><li class='ez-toc-page-1 ez-toc-heading-level-2'><a class=\"ez-toc-link ez-toc-heading-4\" href=\"https:\/\/semantico.com.br\/blog\/estudo-de-caso-e-o-poder-do-seo-semantico\/#o_poder_do_seo_semantico\" >O Poder do SEO Sem\u00e2ntico<\/a><\/li><\/ul><\/nav><\/div>\n<h2 class=\"wp-block-heading\"><span class=\"ez-toc-section\" id=\"caso_de_estudo_bezerra_de_menezes\"><\/span>Caso de Estudo: Bezerra de Menezes.<span class=\"ez-toc-section-end\"><\/span><\/h2>\n\n\n\n<p>Eu frequento uma casa esp\u00edrita aqui na minha cidade, Porto Alegre, no Rio Grande do Sul. Sou volunt\u00e1rio na \u00e1rea de comunica\u00e7\u00e3o e comecei a ajudar com o site, que \u00e9 feito em WordPress. J\u00e1 que tenho tanta <a class=\"wl-entity-page-link\" href=\"https:\/\/semantico.com.br\/blog\/Vocabulario\/experiencia\/\" data-id=\"http:\/\/data.wordlift.io\/wl0221\/entity\/experiencia\">experi\u00eancia<\/a> resolvi ajudar nessa \u00e1rea.<\/p>\n\n\n\n<p>Foi quando eu conheci o pessoal do&nbsp;<em>Wordlift&nbsp;<\/em>que me veio a ideia: ser\u00e1 que eu n\u00e3o consigo otimizar o site da casa usando o plugin?<\/p>\n\n\n\n<p>Fiz a instala\u00e7\u00e3o do Plugin e comecei a criar as&nbsp;entidades&nbsp;que iriam compor o <a class=\"wl-entity-page-link\" title=\"Campo Sem\u00e2ntico e o SEO\" href=\"https:\/\/semantico.com.br\/blog\/Vocabulario\/dominio\/\" data-id=\"http:\/\/data.wordlift.io\/wl0221\/entity\/dominio\">dom\u00ednio sem\u00e2ntico<\/a> do site. Fiz um pequeno planejamento e resolvi cerca o nome \u201cBezerra de Menezes\u201d para essa <a class=\"wl-entity-page-link\" title=\"SEO\" href=\"https:\/\/semantico.com.br\/blog\/Vocabulario\/otimizacao\/\" data-id=\"http:\/\/data.wordlift.io\/wl0221\/entity\/otimizacao;http:\/\/data.wordlift.io\/wl0221\/entity\/otimizacao;http:\/\/data.wordlift.io\/wl0221\/entity\/algoritmo_de_busca\">otimiza\u00e7\u00e3o<\/a> sem\u00e2ntica.&nbsp;<\/p>\n\n\n\n<p>Mapeei todos os conte\u00fados j\u00e1 criados que poderiam ter&nbsp;entidades&nbsp;relacionadas ao&nbsp;<a rel=\"noreferrer noopener\" href=\"http:\/\/www.sbebm.org.br\/vocabulario\/bezerra-de-menezes\/\" target=\"_blank\">Bezerra de Menezes<\/a>&nbsp;e a&nbsp;<a rel=\"noreferrer noopener\" href=\"http:\/\/www.sbebm.org.br\/vocabulario\/sociedade-beneficente-espirita-bezerra-de-menezes-2\/\" target=\"_blank\">Casa Esp\u00edrita Bezerra de Menezes<\/a>.<\/p>\n\n\n\n<h2 class=\"wp-block-heading\"><span class=\"ez-toc-section\" id=\"encontrando_entidades_otimizando_vocabulario\"><\/span>Encontrando entidades, otimizando vocabul\u00e1rio<span class=\"ez-toc-section-end\"><\/span><\/h2>\n\n\n\n<p>A maior parte do trabalho realmente \u00e9 otimizar os vocabul\u00e1rios criados pelo plugin, o&nbsp;<em>Wordlift<\/em>.<\/p>\n\n\n\n<p>O conte\u00fado criado para o site n\u00e3o \u00e9 feito por mim, existem pessoas que escrevem nele. Eu s\u00f3 pego o conte\u00fado escrito e, usando o plugin, identifico pessoas, lugares, acontecimentos, livros que s\u00e3o de interesse das pessoas que procuram uma casa esp\u00edrita e o plugin faz o resto do trabalho.<\/p>\n\n\n\n<p>Atrav\u00e9s do&nbsp;<em>Machine Learning<\/em>&nbsp;e do&nbsp;<em>PNL<\/em>&nbsp;o sistema faz todo o processo facilitando a minha vida na otimiza\u00e7\u00e3o.<\/p>\n\n\n\n<p>Depois disso eu entro em todos os verbetes que comp\u00f5em o vocabul\u00e1rio do site e vou otimizando um por um.<\/p>\n\n\n\n<p>J\u00e1 percebi que quanto mais rico o verbete fica, melhor ranking ele alcance. E o exemplo que vou lhe dar \u00e9 exatamente o do Bezerra de Menezes:<\/p>\n\n\n\n<figure class=\"wp-block-image size-full\"><img loading=\"lazy\" decoding=\"async\" width=\"1200\" height=\"931\" src=\"https:\/\/semantico.com.br\/blog\/wp-content\/uploads\/2022\/01\/serp-bezerra-menezes-edge-1200x931-1.jpg\" alt=\"\" class=\"wp-image-6006\" title=\"\" srcset=\"https:\/\/semantico.com.br\/blog\/wp-content\/uploads\/2022\/01\/serp-bezerra-menezes-edge-1200x931-1.jpg 1200w, https:\/\/semantico.com.br\/blog\/wp-content\/uploads\/2022\/01\/serp-bezerra-menezes-edge-1200x931-1-600x466.jpg 600w, https:\/\/semantico.com.br\/blog\/wp-content\/uploads\/2022\/01\/serp-bezerra-menezes-edge-1200x931-1-768x596.jpg 768w, https:\/\/semantico.com.br\/blog\/wp-content\/uploads\/2022\/01\/serp-bezerra-menezes-edge-1200x931-1-1080x838.jpg 1080w, https:\/\/semantico.com.br\/blog\/wp-content\/uploads\/2022\/01\/serp-bezerra-menezes-edge-1200x931-1-980x760.jpg 980w, https:\/\/semantico.com.br\/blog\/wp-content\/uploads\/2022\/01\/serp-bezerra-menezes-edge-1200x931-1-480x372.jpg 480w, https:\/\/semantico.com.br\/blog\/wp-content\/uploads\/2022\/01\/serp-bezerra-menezes-edge-1200x931-1-150x116.jpg 150w\" sizes=\"auto, (max-width: 1200px) 100vw, 1200px\" \/><\/figure>\n\n\n\n<p><em>Este resultado de uma <span id=\"urn:enhancement-20d8ec88-5362-4139-6f51-fbf716bd7901\" class=\"textannotation disambiguated wl-thing\" itemid=\"http:\/\/data.wordlift.io\/wl0221\/entity\/otimizacao\"><a class=\"wl-entity-page-link\" title=\"buscas\" href=\"https:\/\/semantico.com.br\/blog\/Vocabulario\/algoritmo-de-busca__trashed\/\" data-id=\"http:\/\/data.wordlift.io\/wl0221\/entity\/algoritmo-de-busca__trashed\">busca<\/a><\/span> feita no <a class=\"wl-entity-page-link\" href=\"https:\/\/semantico.com.br\/blog\/Vocabulario\/navegador\/\" data-id=\"http:\/\/data.wordlift.io\/wl0221\/entity\/navegador\">navegador<\/a> Edge da Microsoft, usando o Bing, mostra o resultado para o termo \u201cBezerra de Menezes\u201d.<\/em><\/p>\n\n\n\n<p>Aqui o primeiro resultado \u00e9 da Wikipedia, para a <a class=\"wl-entity-page-link\" title=\"P\u00e1gina Web\" href=\"https:\/\/semantico.com.br\/blog\/Vocabulario\/pagina-web\/\" data-id=\"http:\/\/data.wordlift.io\/wl0221\/entity\/pagina-web\">p\u00e1gina<\/a> que fala sobre o m\u00e9dico e esp\u00edrita, Dr. Bezerra de Menezes.<\/p>\n\n\n\n<p>E o&nbsp;<em>Snippet<\/em>&nbsp;lateral tamb\u00e9m, usando o conte\u00fado da Wikipedia. J\u00e1 o segundo lugar (apontando para o site), o quarto (com o mapa para o local), o quinto (com os hor\u00e1rios e o sexto (com o Facebook) s\u00e3o todos do site otimizado <a class=\"wl-entity-page-link\" title=\"an\u00e1lise sem\u00e2ntica\" href=\"https:\/\/semantico.com.br\/blog\/Vocabulario\/analise-semantica\/\" data-id=\"http:\/\/data.wordlift.io\/wl0221\/entity\/analise-semantica\">semanticamente<\/a>.<\/p>\n\n\n\n<p>Vamos agora a uma <span id=\"urn:enhancement-e1cd55a5-0db1-f1e9-1076-edca084d8e96\" class=\"textannotation disambiguated wl-thing\" itemid=\"http:\/\/data.wordlift.io\/wl0221\/entity\/otimizacao\">busca<\/span> feita usando o Google.<\/p>\n\n\n\n<figure class=\"wp-block-image size-full\"><img loading=\"lazy\" decoding=\"async\" width=\"654\" height=\"1024\" src=\"https:\/\/semantico.com.br\/blog\/wp-content\/uploads\/2022\/01\/serp-bezerra-menezes-654x1024-1.png\" alt=\"\" class=\"wp-image-6008\" title=\"\" srcset=\"https:\/\/semantico.com.br\/blog\/wp-content\/uploads\/2022\/01\/serp-bezerra-menezes-654x1024-1.png 654w, https:\/\/semantico.com.br\/blog\/wp-content\/uploads\/2022\/01\/serp-bezerra-menezes-654x1024-1-383x600.png 383w, https:\/\/semantico.com.br\/blog\/wp-content\/uploads\/2022\/01\/serp-bezerra-menezes-654x1024-1-480x752.png 480w, https:\/\/semantico.com.br\/blog\/wp-content\/uploads\/2022\/01\/serp-bezerra-menezes-654x1024-1-150x235.png 150w\" sizes=\"auto, (max-width: 654px) 100vw, 654px\" \/><\/figure>\n\n\n\n<p><em>Este resultado de uma <span id=\"urn:enhancement-e963bd52-8b4e-b2d9-ebca-6547c48de380\" class=\"textannotation disambiguated wl-thing\" itemid=\"http:\/\/data.wordlift.io\/wl0221\/entity\/otimizacao\">busca<\/span> feita no navegador Edge da Microsoft, usando o Google Brasil, mostra o resultado para o termo \u201cBezerra de Menezes\u201d.<\/em><\/p>\n\n\n\n<p>Perceba que o primeiro resultado, como se era de esperar tamb\u00e9m \u00e9 da Wikipedia para a p\u00e1gina que fala sobre o Dr. Bezerra. J\u00e1 o segundo, terceiro e quarto resultados s\u00e3o da&nbsp;<a href=\"http:\/\/www.sbebm.org.br\/\" target=\"_blank\" rel=\"noreferrer noopener\">Sociedade Beneficente Esp\u00edrita Bezerra de Menezes<\/a>, apontando para o site que eu otimizei.<\/p>\n\n\n\n<p>O Gr\u00e1fico do <span id=\"urn:enhancement-733a2da3-fb59-ec82-de7d-7f7347badde2\" class=\"textannotation disambiguated wl-thing\" itemid=\"http:\/\/data.wordlift.io\/wl0221\/entity\/dados\"><a class=\"wl-entity-page-link\" title=\"Knowledge\" href=\"https:\/\/semantico.com.br\/blog\/Vocabulario\/conhecimento\/\" data-id=\"http:\/\/data.wordlift.io\/wl0221\/entity\/conhecimento\">Conhecimento<\/a><\/span> do <span id=\"urn:enhancement-14144e93-e750-c632-fc42-eae18b58d879\" class=\"textannotation disambiguated wl-thing\" itemid=\"http:\/\/data.wordlift.io\/wl0221\/entity\/google_knowledge_graph\"><span id=\"urn:enhancement-1\" class=\"textannotation disambiguated wl-thing\" itemid=\"http:\/\/data.wordlift.io\/wl0221\/entity\/google-knowledge-graph\">Google (<em>Knowledge Graph<\/em><\/span><\/span>) ao lado tamb\u00e9m mostra resultados da casa esp\u00edrita. O Google est\u00e1 mais avan\u00e7ado no uso dos <span id=\"urn:enhancement-33c3d80f\" class=\"textannotation disambiguated wl-thing\" itemid=\"http:\/\/data.wordlift.io\/wl0221\/entity\/dados\"><a class=\"wl-entity-page-link\" title=\"Dado\" href=\"https:\/\/semantico.com.br\/blog\/Vocabulario\/dado\/\" data-id=\"http:\/\/data.wordlift.io\/wl0221\/entity\/dado\">dados<\/a><\/span> marcados semanticamente e por isso mostra mais <span id=\"urn:enhancement-36f2e45b\" class=\"textannotation disambiguated wl-thing\" itemid=\"http:\/\/data.wordlift.io\/wl0221\/entity\/dados\">dados<\/span>.&nbsp;Fiz essa <span id=\"urn:enhancement-3b4127f6-d51d-5970-bb0c-28f479711279\" class=\"textannotation disambiguated wl-thing\" itemid=\"http:\/\/data.wordlift.io\/wl0221\/entity\/tecnologia\">busca<\/span> para isolar a <a class=\"wl-entity-page-link\" href=\"https:\/\/semantico.com.br\/blog\/Vocabulario\/influencia\/\" data-id=\"http:\/\/data.wordlift.io\/wl0221\/entity\/influencia\">influ\u00eancia<\/a> da minha navega\u00e7\u00e3o e localiza\u00e7\u00e3o nos resultados.<\/p>\n\n\n\n<p>Esse resultado indica as possibilidades do uso da sem\u00e2ntica em todos os projetos de site, principalmente os que usam WordPress, por conta da facilidade do uso desses&nbsp;<em>plugins<\/em>, que ampliam o alcance do <span id=\"urn:enhancement-b5259580-befe-f858-76e5-febeb0f40442\" class=\"textannotation disambiguated wl-thing\" itemid=\"http:\/\/data.wordlift.io\/wl0221\/entity\/informacao\"><a class=\"wl-entity-page-link\" title=\"Otimiza\u00e7\u00e3o para motores de busca\" href=\"https:\/\/semantico.com.br\/blog\/Vocabulario\/otimizacao-para-motores-de-busca\/\" data-id=\"http:\/\/data.wordlift.io\/wl0221\/entity\/otimizacao-para-motores-de-busca\">SEO<\/a><\/span>.<\/p>\n\n\n\n<p>O resultado que mostrei a voc\u00eas foi alcan\u00e7ado em pouco tempo numa palavra que n\u00e3o tem muita concorr\u00eancia e a quantidade de sites otimizados para ela s\u00e3o poucos.<\/p>\n\n\n\n<p>Mas sei que fica provado o ponto: A <a class=\"wl-entity-page-link\" title=\"Estudo de Caso e o Poder do SEO Sem\u00e2ntico\" href=\"https:\/\/semantico.com.br\/blog\/Vocabulario\/estudo-de-caso-e-o-poder-do-seo-semantico\/\" data-id=\"http:\/\/data.wordlift.io\/wl0221\/entity\/estudo-de-caso-e-o-poder-do-seo-semantico\">marca\u00e7\u00e3o<\/a> sem\u00e2ntica do seu conte\u00fado \u00e9 um diferencial competitivo do seu site, com toda certeza.<\/p>\n\n\n\n<h4 class=\"wp-block-heading\"><em>Update de Junho de 2019<\/em><\/h4>\n\n\n\n<p>Esse \u00e9 mais um caso de uso de <span id=\"urn:enhancement-6b2db894-b34c-2f47-5ec1-2da0788c539a\" class=\"textannotation disambiguated wl-thing\" itemid=\"http:\/\/data.wordlift.io\/wl0221\/entity\/estudo-de-caso-e-o-poder-do-seo-semantico\"><a class=\"wl-entity-page-link\" title=\"marca\u00e7\u00e3o estruturada\" href=\"https:\/\/semantico.com.br\/blog\/Vocabulario\/marcacao-estruturada-2\/\" data-id=\"http:\/\/data.wordlift.io\/wl0221\/entity\/marcacao-estruturada-2\">marca\u00e7\u00e3o<\/a> estruturado<\/span> das entidades. Conseguimos bons resultados para a <strong>posi\u00e7\u00e3o 0 na <span id=\"urn:enhancement-6a564ff7-aa67-1957-0b72-d925a9ccdd0e\" class=\"textannotation disambiguated wl-thing\" itemid=\"http:\/\/data.wordlift.io\/wl0221\/entity\/tecnologia\">busca<\/span><\/strong> (<em>como visto abaixo<\/em>) como fonte de conte\u00fado um verbete (<a href=\"https:\/\/www.espiritismo.tv\/Vocabulario\/leis-divinas\/\" target=\"_blank\" rel=\"noopener\">as leis divinas<\/a>) do Vocabul\u00e1rio criado.<\/p>\n\n\n\n<figure class=\"wp-block-gallery has-nested-images columns-default is-cropped wp-block-gallery-1 is-layout-flex wp-block-gallery-is-layout-flex\">\n<figure class=\"wp-block-image size-large\"><img loading=\"lazy\" decoding=\"async\" width=\"605\" height=\"978\" data-id=\"6010\" src=\"https:\/\/semantico.com.br\/blog\/wp-content\/uploads\/2022\/01\/as-leis-divinas.bk_-1.png\" alt=\"\" class=\"wp-image-6010\" title=\"\" srcset=\"https:\/\/semantico.com.br\/blog\/wp-content\/uploads\/2022\/01\/as-leis-divinas.bk_-1.png 605w, https:\/\/semantico.com.br\/blog\/wp-content\/uploads\/2022\/01\/as-leis-divinas.bk_-1-371x600.png 371w, https:\/\/semantico.com.br\/blog\/wp-content\/uploads\/2022\/01\/as-leis-divinas.bk_-1-480x776.png 480w, https:\/\/semantico.com.br\/blog\/wp-content\/uploads\/2022\/01\/as-leis-divinas.bk_-1-150x242.png 150w\" sizes=\"auto, (max-width: 605px) 100vw, 605px\" \/><\/figure>\n\n\n\n<figure class=\"wp-block-image size-large\"><img loading=\"lazy\" decoding=\"async\" width=\"616\" height=\"856\" data-id=\"6011\" src=\"https:\/\/semantico.com.br\/blog\/wp-content\/uploads\/2022\/01\/as-leis-divinas-espiritismo.bk_.png\" alt=\"\" class=\"wp-image-6011\" title=\"\" srcset=\"https:\/\/semantico.com.br\/blog\/wp-content\/uploads\/2022\/01\/as-leis-divinas-espiritismo.bk_.png 616w, https:\/\/semantico.com.br\/blog\/wp-content\/uploads\/2022\/01\/as-leis-divinas-espiritismo.bk_-432x600.png 432w, https:\/\/semantico.com.br\/blog\/wp-content\/uploads\/2022\/01\/as-leis-divinas-espiritismo.bk_-480x667.png 480w, https:\/\/semantico.com.br\/blog\/wp-content\/uploads\/2022\/01\/as-leis-divinas-espiritismo.bk_-150x208.png 150w\" sizes=\"auto, (max-width: 616px) 100vw, 616px\" \/><\/figure>\n\n\n\n<figure class=\"wp-block-image size-large\"><img loading=\"lazy\" decoding=\"async\" width=\"602\" height=\"1461\" data-id=\"6012\" src=\"https:\/\/semantico.com.br\/blog\/wp-content\/uploads\/2022\/01\/pentateuco-kardec.png.webp\" alt=\"\" class=\"wp-image-6012\" title=\"\" srcset=\"https:\/\/semantico.com.br\/blog\/wp-content\/uploads\/2022\/01\/pentateuco-kardec.png.webp 602w, https:\/\/semantico.com.br\/blog\/wp-content\/uploads\/2022\/01\/pentateuco-kardec.png-247x600.webp 247w, https:\/\/semantico.com.br\/blog\/wp-content\/uploads\/2022\/01\/pentateuco-kardec.png-480x1165.webp 480w, https:\/\/semantico.com.br\/blog\/wp-content\/uploads\/2022\/01\/pentateuco-kardec.png-150x364.webp 150w\" sizes=\"auto, (max-width: 602px) 100vw, 602px\" \/><\/figure>\n<\/figure>\n\n\n\n<p>O objetivo \u00e9 ter performance em mobile.<\/p>\n\n\n\n<h2 class=\"wp-block-heading\"><span class=\"ez-toc-section\" id=\"otimizacao_semantica_resultados\"><\/span>Otimiza\u00e7\u00e3o Sem\u00e2ntica: resultados<span class=\"ez-toc-section-end\"><\/span><\/h2>\n\n\n\n<figure class=\"wp-block-embed is-type-video is-provider-youtube wp-block-embed-youtube wp-embed-aspect-16-9 wp-has-aspect-ratio\"><div class=\"wp-block-embed__wrapper\">\n<iframe loading=\"lazy\" title=\"SEO Sem\u00e2ntico - A trilha: Otimiza\u00e7\u00e3o Sem\u00e2ntica, resultados\" width=\"640\" height=\"360\" src=\"https:\/\/www.youtube.com\/embed\/U6UV28ujcxc?feature=oembed&#038;enablejsapi=1&#038;origin=https:\/\/semantico.com.br\/blog\" frameborder=\"0\" allow=\"accelerometer; autoplay; clipboard-write; encrypted-media; gyroscope; picture-in-picture; web-share\" referrerpolicy=\"strict-origin-when-cross-origin\" allowfullscreen><\/iframe>\n<\/div><\/figure>\n\n\n\n<p>Nesta segunda parte da trilha de SEO Sem\u00e2ntico mostro alguns resultados que j\u00e1 consegui usando o otimiza\u00e7\u00e3o sem\u00e2ntica em 3 tipos de projetos diferentes.<\/p>\n\n\n\n<h2 class=\"wp-block-heading\"><span class=\"ez-toc-section\" id=\"o_poder_do_seo_semantico\"><\/span>O Poder do SEO Sem\u00e2ntico<span class=\"ez-toc-section-end\"><\/span><\/h2>\n\n\n\n<p>Como deu para perceber, com o uso correto do <span id=\"urn:enhancement-43bc477d-09e9-2d19-361b-307f9f2c0baf\" class=\"textannotation disambiguated wl-thing\" itemid=\"http:\/\/data.wordlift.io\/wl0221\/entity\/dados\">conhecimento<\/span>, planejamento e estrat\u00e9gia d\u00e1 para alcan\u00e7ar um resultado bastante interessante. O investimento na assinatura do WordLift se paga com o acr\u00e9scimo de novos visitantes impactados pelos resultados que encontraram na <span id=\"urn:enhancement-59bc93cf-93be-ed1d-f358-d2e8430c9642\" class=\"textannotation disambiguated wl-thing\" itemid=\"http:\/\/data.wordlift.io\/wl0221\/entity\/tecnologia\">busca<\/span>.<\/p>\n\n\n\n<p>Claro que d\u00e1 para fazer parte do trabalho que o&nbsp;<em>WordLift<\/em>&nbsp;faz com&nbsp;<em>plugins<\/em>&nbsp;gratuitos, mas a constru\u00e7\u00e3o do vocabul\u00e1rio \u00e9 manual e v\u00e1rias funcionalidades n\u00e3o existem.<\/p>\n\n\n\n<p>Mas o que \u00e9 fundamental para esse meu teste \u00e9 a valida\u00e7\u00e3o na pr\u00e1tica do <span id=\"urn:enhancement-e79ed0af-6632-37c5-4d10-799db45c5c3a\" class=\"textannotation disambiguated wl-thing\" itemid=\"http:\/\/data.wordlift.io\/wl0221\/entity\/informacao\"><a class=\"wl-entity-page-link\" title=\"SEO Sem\u00e2ntico\" href=\"https:\/\/semantico.com.br\/blog\/Vocabulario\/seo-semantico\/\" data-id=\"http:\/\/data.wordlift.io\/wl0221\/entity\/seo-semantico;http:\/\/data.wordlift.io\/wl0221\/entity\/seo__semantico\">SEO<\/a> sem\u00e2ntico<\/span>.<\/p>\n\n\n\n<p>Esse trabalho ainda est\u00e1 no in\u00edcio e novos e melhores resultados ainda devem surgir conforme continuo a otimiza\u00e7\u00e3o.<\/p>\n\n\n\n\n\n<p>Perguntas Frequentes<\/p>\n\n\n\n\n\n<hr class=\"wp-block-separator has-css-opacity\"\/>\n\n\n","protected":false},"excerpt":{"rendered":"<p>Este post \u00e9 um estudo de caso que demostra o poder do SEO Sem\u00e2ntico para gerar resultados para o seu neg\u00f3cio. Clique no link que saiba como!<\/p>\n","protected":false},"author":2,"featured_media":5841,"comment_status":"open","ping_status":"open","sticky":false,"template":"","format":"standard","meta":{"wl_entities_gutenberg":"","episode_type":"","audio_file":"","podmotor_file_id":"","podmotor_episode_id":"","cover_image":"","cover_image_id":"","duration":"","filesize":"","filesize_raw":"","date_recorded":"","explicit":"","block":"","itunes_episode_number":"","itunes_title":"","itunes_season_number":"","itunes_episode_type":"","footnotes":""},"categories":[665,626,461],"tags":[8],"wl_entity_type":[51],"series":[],"class_list":["post-94","post","type-post","status-publish","format-standard","has-post-thumbnail","hentry","category-avaliacao-de-sistemas-de-recuperacao-da-informacao","category-recuperacao-da-informacao-pt","category-seo-semantico","tag-seo","wl_entity_type-article"],"episode_featured_image":"https:\/\/semantico.com.br\/blog\/wp-content\/uploads\/2019\/06\/Estudo-de-Caso-e-o-Poder-do-SEO-Semantico.png","episode_player_image":"https:\/\/semantico.com.br\/blog\/wp-content\/uploads\/2026\/03\/Capa-podcast.png","download_link":"","player_link":"","audio_player":false,"episode_data":{"playerMode":"dark","subscribeUrls":{"apple_podcasts":{"key":"apple_podcasts","url":"","label":"Apple Podcasts","class":"apple_podcasts","icon":"apple-podcasts.png"},"google_podcasts":{"key":"google_podcasts","url":"","label":"Google Podcasts","class":"google_podcasts","icon":"google-podcasts.png"},"pocketcasts":{"key":"pocketcasts","url":"","label":"PocketCasts","class":"pocketcasts","icon":"pocketcasts.png"},"podbean":{"key":"podbean","url":"","label":"Podbean","class":"podbean","icon":"podbean.png"},"stitcher":{"key":"stitcher","url":"","label":"Stitcher","class":"stitcher","icon":"stitcher.png"},"iheartradio":{"key":"iheartradio","url":"","label":"iHeartRadio","class":"iheartradio","icon":"iheartradio.png"}},"rssFeedUrl":"https:\/\/semantico.com.br\/blog\/feed\/podcast\/seo-semantico-podcast","embedCode":"<blockquote class=\"wp-embedded-content\" data-secret=\"vwRuBuGXM5\"><a href=\"https:\/\/semantico.com.br\/blog\/estudo-de-caso-e-o-poder-do-seo-semantico\/\">Estudo de Caso e o Poder do SEO Sem\u00e2ntico<\/a><\/blockquote><iframe sandbox=\"allow-scripts\" security=\"restricted\" src=\"https:\/\/semantico.com.br\/blog\/estudo-de-caso-e-o-poder-do-seo-semantico\/embed\/#?secret=vwRuBuGXM5\" width=\"500\" height=\"350\" title=\"&#8220;Estudo de Caso e o Poder do SEO Sem\u00e2ntico&#8221; &#8212; Blog Sem\u00e2ntico\" data-secret=\"vwRuBuGXM5\" frameborder=\"0\" marginwidth=\"0\" marginheight=\"0\" scrolling=\"no\" class=\"wp-embedded-content\"><\/iframe><script type=\"text\/javascript\">\n\/* <![CDATA[ *\/\n\/*! This file is auto-generated *\/\n!function(d,l){\"use strict\";l.querySelector&&d.addEventListener&&\"undefined\"!=typeof URL&&(d.wp=d.wp||{},d.wp.receiveEmbedMessage||(d.wp.receiveEmbedMessage=function(e){var t=e.data;if((t||t.secret||t.message||t.value)&&!\/[^a-zA-Z0-9]\/.test(t.secret)){for(var s,r,n,a=l.querySelectorAll('iframe[data-secret=\"'+t.secret+'\"]'),o=l.querySelectorAll('blockquote[data-secret=\"'+t.secret+'\"]'),c=new RegExp(\"^https?:$\",\"i\"),i=0;i<o.length;i++)o[i].style.display=\"none\";for(i=0;i<a.length;i++)s=a[i],e.source===s.contentWindow&&(s.removeAttribute(\"style\"),\"height\"===t.message?(1e3<(r=parseInt(t.value,10))?r=1e3:~~r<200&&(r=200),s.height=r):\"link\"===t.message&&(r=new URL(s.getAttribute(\"src\")),n=new URL(t.value),c.test(n.protocol))&&n.host===r.host&&l.activeElement===s&&(d.top.location.href=t.value))}},d.addEventListener(\"message\",d.wp.receiveEmbedMessage,!1),l.addEventListener(\"DOMContentLoaded\",function(){for(var e,t,s=l.querySelectorAll(\"iframe.wp-embedded-content\"),r=0;r<s.length;r++)(t=(e=s[r]).getAttribute(\"data-secret\"))||(t=Math.random().toString(36).substring(2,12),e.src+=\"#?secret=\"+t,e.setAttribute(\"data-secret\",t)),e.contentWindow.postMessage({message:\"ready\",secret:t},\"*\")},!1)))}(window,document);\n\/\/# sourceURL=https:\/\/semantico.com.br\/blog\/wp-includes\/js\/wp-embed.min.js\n\/* ]]> *\/\n<\/script>\n"},"_wl_alt_label":["marca\u00e7\u00e3o","linguagens de marca\u00e7\u00e3o","marca\u00e7\u00e3o"],"wl:entity_url":"http:\/\/data.wordlift.io\/wl0221\/post\/estudo-de-caso-e-o-poder-do-seo-semantico","_links":{"self":[{"href":"https:\/\/semantico.com.br\/blog\/wp-json\/wp\/v2\/posts\/94","targetHints":{"allow":["GET"]}}],"collection":[{"href":"https:\/\/semantico.com.br\/blog\/wp-json\/wp\/v2\/posts"}],"about":[{"href":"https:\/\/semantico.com.br\/blog\/wp-json\/wp\/v2\/types\/post"}],"author":[{"embeddable":true,"href":"https:\/\/semantico.com.br\/blog\/wp-json\/wp\/v2\/users\/2"}],"replies":[{"embeddable":true,"href":"https:\/\/semantico.com.br\/blog\/wp-json\/wp\/v2\/comments?post=94"}],"version-history":[{"count":0,"href":"https:\/\/semantico.com.br\/blog\/wp-json\/wp\/v2\/posts\/94\/revisions"}],"wp:featuredmedia":[{"embeddable":true,"href":"https:\/\/semantico.com.br\/blog\/wp-json\/wp\/v2\/media\/5841"}],"wp:attachment":[{"href":"https:\/\/semantico.com.br\/blog\/wp-json\/wp\/v2\/media?parent=94"}],"wp:term":[{"taxonomy":"category","embeddable":true,"href":"https:\/\/semantico.com.br\/blog\/wp-json\/wp\/v2\/categories?post=94"},{"taxonomy":"post_tag","embeddable":true,"href":"https:\/\/semantico.com.br\/blog\/wp-json\/wp\/v2\/tags?post=94"},{"taxonomy":"wl_entity_type","embeddable":true,"href":"https:\/\/semantico.com.br\/blog\/wp-json\/wp\/v2\/wl_entity_type?post=94"},{"taxonomy":"series","embeddable":true,"href":"https:\/\/semantico.com.br\/blog\/wp-json\/wp\/v2\/series?post=94"}],"curies":[{"name":"wp","href":"https:\/\/api.w.org\/{rel}","templated":true}]}}